{"id":2408,"date":"2025-09-10T16:44:51","date_gmt":"2025-09-10T14:44:51","guid":{"rendered":"https:\/\/lacaveetlebistrot.com\/?p=2408"},"modified":"2025-09-10T16:48:05","modified_gmt":"2025-09-10T14:48:05","slug":"route-vins-languedoc-mas-jullien-terrasse-elise-video","status":"publish","type":"post","link":"https:\/\/lacaveetlebistrot.com\/index.php\/2025\/09\/10\/route-vins-languedoc-mas-jullien-terrasse-elise-video\/","title":{"rendered":"Route des vins du Languedoc : Mas Jullien , Terrasse d\u2019\u00c9lise &amp; cie \u00ab\u00a0La VIDEO\u00a0\u00bb"},"content":{"rendered":"<h1 style=\"text-align: center;\" data-start=\"1324\" data-end=\"1340\">Route des vins du Languedoc :<br \/>Mas Jullien , Terrasse d\u2019\u00c9lise, Mas de la Seranne, Jasse Castel et Chateau l&rsquo;Argentier.<\/h1>\n<h2 style=\"text-align: center;\" data-start=\"1324\" data-end=\"1340\">Introduction<\/h2>\n<p style=\"text-align: center;\" data-start=\"1341\" data-end=\"1659\">Entre garrigues, calcaires et grosses personnalit\u00e9s, le Languedoc nous a r\u00e9gal\u00e9s. On vous emm\u00e8ne chez quelques domaines embl\u00e9matiques \u2013 <strong data-start=\"1477\" data-end=\"1492\">Mas Jullien<\/strong>, <strong data-start=\"1494\" data-end=\"1514\">Terrasse d\u2019\u00c9lise<\/strong>, <strong data-start=\"1516\" data-end=\"1537\">Mas de la S\u00e9ranne<\/strong>, <strong data-start=\"1539\" data-end=\"1558\">Jasse Castel<\/strong> \u2013 pour parler terroirs, cuv\u00e9es marquantes et id\u00e9es d\u2019accords \u00e0 tester \u00e0 la maison (ou chez nous \ud83d\ude09).<\/p>\n<div class=\"lyte-wrapper\" title=\"Sur la route des vins du Languedoc \ud83c\udf77 Mas Jullien, Terrasse d&rsquo;&Eacute;lise, Mas de Seranne, Jasse Castel...\" style=\"width:853px;max-width:100%;margin:5px;\"><div class=\"lyMe hidef\" id=\"WYL_PVW6oPkq0AU\" itemprop=\"video\" itemscope itemtype=\"https:\/\/schema.org\/VideoObject\"><div><meta itemprop=\"thumbnailUrl\" content=\"https:\/\/lacaveetlebistrot.com\/wp-content\/plugins\/wp-youtube-lyte\/lyteCache.php?origThumbUrl=https%3A%2F%2Fi.ytimg.com%2Fvi%2FPVW6oPkq0AU%2Fmaxresdefault.jpg\" \/><meta itemprop=\"embedURL\" content=\"https:\/\/www.youtube.com\/embed\/PVW6oPkq0AU\" \/><meta itemprop=\"duration\" content=\"PT9M18S\" \/><meta itemprop=\"uploadDate\" content=\"2025-08-31T17:17:16Z\" \/><\/div><div id=\"lyte_PVW6oPkq0AU\" data-src=\"https:\/\/lacaveetlebistrot.com\/wp-content\/plugins\/wp-youtube-lyte\/lyteCache.php?origThumbUrl=https%3A%2F%2Fi.ytimg.com%2Fvi%2FPVW6oPkq0AU%2Fmaxresdefault.jpg\" class=\"pL\"><div class=\"tC\"><div class=\"tT\" itemprop=\"name\">Sur la route des vins du Languedoc \ud83c\udf77 Mas Jullien, Terrasse d\u2019\u00c9lise, Mas de Seranne, Jasse Castel...<\/div><\/div><div class=\"play\"><\/div><div class=\"ctrl\"><div class=\"Lctrl\"><\/div><div class=\"Rctrl\"><\/div><\/div><\/div><noscript><a href=\"https:\/\/youtu.be\/PVW6oPkq0AU\" rel=\"nofollow\"><img loading=\"lazy\" decoding=\"async\" src=\"https:\/\/lacaveetlebistrot.com\/wp-content\/plugins\/wp-youtube-lyte\/lyteCache.php?origThumbUrl=https%3A%2F%2Fi.ytimg.com%2Fvi%2FPVW6oPkq0AU%2F0.jpg\" alt=\"Sur la route des vins du Languedoc \ud83c\udf77 Mas Jullien, Terrasse d&rsquo;&Eacute;lise, Mas de Seranne, Jasse Castel...\" width=\"853\" height=\"460\" \/><\/a><\/noscript><meta itemprop=\"description\" content=\"Sur la route des vins du Languedoc, partez \u00e0 la d\u00e9couverte de domaines incontournables comme Mas Jullien, Terrasse d\u2019\u00c9lise, Mas de Seranne, La Jasse Castel et Ch\u00e2teau l\u2019Argentier \ud83c\udf77. Une journ\u00e9e intense de road trip au c\u0153ur du vignoble languedocien, entre d\u00e9gustations et rencontres avec des vignerons passionn\u00e9s. \u23f1\ufe0f Chapitres 0:00 \u2013 Intro 2:01 \u2013 Domaine de l\u2019Argentier 3:20 \u2013 Terrasse d\u2019\u00c9lise 4:37 \u2013 La Jasse Castel 7:16 \u2013 Mas Jullien 8:01 \u2013 Mas de la Seranne 8:32 \u2013 Conclusion \ud83d\udc49 Abonnez-vous pour d\u2019autres aventures autour du vin, des accords mets-vins et des rencontres avec les vignerons. L\u2019abus d\u2019alcool est dangereux pour la sant\u00e9. \u00c0 consommer avec mod\u00e9ration. #Languedoc #Vin #RouteDesVins #Vignerons #MasJullien #TerrasseDElise #MasDeSeranne #LaJasseCastel #ChateauLArgentier #LaCaveEtLeBistrot #BonsVivants\"><\/div><\/div><div class=\"lL\" style=\"max-width:100%;width:853px;margin:5px;\"> <a href=\"https:\/\/youtu.be\/PVW6oPkq0AU\" target=\"_blank\">Lire cette vid\u00e9o sur YouTube<\/a>.<br\/><span class=\"lyte_disclaimer\">L\u2019abus d\u2019alcool est dangereux pour la sant\u00e9. \u00c0 consommer avec mod\u00e9ration.<\/span><\/div><\/p>\n<p>Domaines visit\u00e9s dans notre route des vins du Languedoc<\/p>\n<ul data-start=\"1841\" data-end=\"2185\">\n<li data-start=\"1841\" data-end=\"1916\">\n<p data-start=\"1843\" data-end=\"1916\"><strong data-start=\"1843\" data-end=\"1858\">Mas Jullien<\/strong> \u2013 Terrasses du Larzac : pr\u00e9cision, profondeur et garde.<\/p>\n<\/li>\n<li data-start=\"1917\" data-end=\"2010\">\n<p data-start=\"1919\" data-end=\"2010\"><strong data-start=\"1919\" data-end=\"1939\">Terrasse d\u2019\u00c9lise<\/strong> \u2013 IGP H\u00e9rault : mono-c\u00e9pages identitaires, toucher de bouche unique.<\/p>\n<\/li>\n<li data-start=\"2011\" data-end=\"2095\">\n<p data-start=\"2013\" data-end=\"2095\"><strong data-start=\"2013\" data-end=\"2034\">Mas de la S\u00e9ranne<\/strong> \u2013 Terrasses du Larzac : fra\u00eecheur, \u00e9pices, tanins cisel\u00e9s.<\/p>\n<\/li>\n<li data-start=\"2096\" data-end=\"2185\">\n<p data-start=\"2098\" data-end=\"2185\"><strong data-start=\"2098\" data-end=\"2117\">Jasse de Castel<\/strong> \u2013 Languedoc : fruits bien m\u00fbrs, caract\u00e8re sudiste et digestibilit\u00e9.<\/p>\n<\/li>\n<\/ul>\n<blockquote data-start=\"2187\" data-end=\"2346\">\n<p data-start=\"2189\" data-end=\"2346\">NB : Les notes de d\u00e9gustation d\u00e9taill\u00e9es sont dans la vid\u00e9o. Passez nous voir \u00e0 <strong data-start=\"2269\" data-end=\"2304\">La Cave et le Bistrot (Aubagne)<\/strong> pour go\u00fbter ce qui est ouvert\u2026 au verre !<\/p>\n<\/blockquote>\n<h3 style=\"text-align: center;\" data-start=\"2348\" data-end=\"2367\">Ce qu\u2019on a aim\u00e9\u00a0<\/h3>\n<ul data-start=\"2368\" data-end=\"2631\">\n<li data-start=\"2368\" data-end=\"2459\">\n<p data-start=\"2370\" data-end=\"2459\">Des rouges sudistes <strong data-start=\"2390\" data-end=\"2399\">frais<\/strong> (altitude, nuits plus fra\u00eeches) : parfaits pour la table.<\/p>\n<\/li>\n<li data-start=\"2460\" data-end=\"2550\">\n<p data-start=\"2462\" data-end=\"2550\">Des blancs sapides (clairette, terret, chenin selon domaines) : <strong data-start=\"2526\" data-end=\"2547\">texture + tension<\/strong>.<\/p>\n<\/li>\n<li data-start=\"2551\" data-end=\"2631\">\n<p data-start=\"2553\" data-end=\"2631\">Des \u00e9levages <strong data-start=\"2566\" data-end=\"2576\">justes<\/strong> : bois int\u00e9gr\u00e9, lisibilit\u00e9 du fruit, vraie buvabilit\u00e9.<\/p>\n<\/li>\n<\/ul>\n<h3 style=\"text-align: center;\" data-start=\"2633\" data-end=\"2660\">Id\u00e9es d\u2019accords express<\/h3>\n<ul data-start=\"2661\" data-end=\"2902\">\n<li data-start=\"2661\" data-end=\"2742\">\n<p data-start=\"2663\" data-end=\"2742\"><strong data-start=\"2663\" data-end=\"2701\">C\u00f4te de b\u0153uf &amp; Terrasses du Larzac<\/strong> : grill\u00e9 + jus r\u00e9duit, c\u2019est le match.<\/p>\n<\/li>\n<li data-start=\"2743\" data-end=\"2825\">\n<p data-start=\"2745\" data-end=\"2825\"><strong data-start=\"2745\" data-end=\"2783\">Agneau aux herbes &amp; grenache\/syrah<\/strong> : thym, romarin, olive noire \u2192 bonheur.<\/p>\n<\/li>\n<li data-start=\"2826\" data-end=\"2902\">\n<p data-start=\"2828\" data-end=\"2902\"><strong data-start=\"2828\" data-end=\"2865\">Poissons de roche &amp; blanc sudiste<\/strong> : fenouil, agrumes, un zeste d\u2019anis.<\/p>\n<\/li>\n<\/ul>\n<h3 style=\"text-align: center;\" data-start=\"2904\" data-end=\"2932\">Venez d\u00e9guster \u00e0 Aubagne<\/h3>\n<p data-start=\"2933\" data-end=\"3164\">Vous voulez d\u00e9couvrir ces styles ? On ouvre r\u00e9guli\u00e8rement des bouteilles <strong data-start=\"3006\" data-end=\"3018\">au verre<\/strong> et on organise des <strong data-start=\"3038\" data-end=\"3061\">accords mets &amp; vins<\/strong>. Passez \u00e0 <strong data-start=\"3072\" data-end=\"3097\">La Cave et le Bistrot<\/strong> (Aubagne) ou \u00e9crivez-nous pour conna\u00eetre les ouvertures du moment.<\/p>\n<p style=\"text-align: center;\" data-start=\"2933\" data-end=\"3164\"><a href=\"https:\/\/lacaveetlebistrot.com\/index.php\/contact\/\" target=\"_blank\" rel=\"noopener\">nous contacter<\/a><\/p>\n<p style=\"text-align: center;\" data-start=\"2933\" data-end=\"3164\"><a href=\"https:\/\/lacaveetlebistrot.com\/index.php\/le-bistrot\/\">Le bistrot de M\u00e9lodie<\/a><\/p>\n<p style=\"text-align: center;\" data-start=\"2933\" data-end=\"3164\"><a href=\"https:\/\/www.youtube.com\/@lacaveetlebistrotbymelodie\" target=\"_blank\" rel=\"noopener\">Notre chaine Youtube<\/a><\/p>\n<p data-start=\"2933\" data-end=\"3164\"><img data-recalc-dims=\"1\" loading=\"lazy\" decoding=\"async\" class=\"alignnone wp-image-2414 size-full\" src=\"https:\/\/i0.wp.com\/lacaveetlebistrot.com\/wp-content\/uploads\/2025\/09\/route-vins-languedoc-mas-jullien-terrasse-elise.webp?resize=1200%2C799&#038;ssl=1\" alt=\"route des vins du Languedoc \u2013 Mas Jullien, Terrasse d\u2019\u00c9lise, Mas de la S\u00e9ranne\" width=\"1200\" height=\"799\" srcset=\"https:\/\/i0.wp.com\/lacaveetlebistrot.com\/wp-content\/uploads\/2025\/09\/route-vins-languedoc-mas-jullien-terrasse-elise.webp?w=1200&amp;ssl=1 1200w, https:\/\/i0.wp.com\/lacaveetlebistrot.com\/wp-content\/uploads\/2025\/09\/route-vins-languedoc-mas-jullien-terrasse-elise.webp?resize=300%2C200&amp;ssl=1 300w, https:\/\/i0.wp.com\/lacaveetlebistrot.com\/wp-content\/uploads\/2025\/09\/route-vins-languedoc-mas-jullien-terrasse-elise.webp?resize=1024%2C682&amp;ssl=1 1024w, https:\/\/i0.wp.com\/lacaveetlebistrot.com\/wp-content\/uploads\/2025\/09\/route-vins-languedoc-mas-jullien-terrasse-elise.webp?resize=768%2C511&amp;ssl=1 768w, https:\/\/i0.wp.com\/lacaveetlebistrot.com\/wp-content\/uploads\/2025\/09\/route-vins-languedoc-mas-jullien-terrasse-elise.webp?resize=600%2C400&amp;ssl=1 600w\" sizes=\"auto, (max-width: 1200px) 100vw, 1200px\" \/><\/p>\n<h3 style=\"text-align: center;\" data-start=\"3269\" data-end=\"3299\">FAQ sur les route des vins du Languedoc<\/h3>\n<p data-start=\"3301\" data-end=\"3525\"><strong data-start=\"3301\" data-end=\"3363\">Quels domaines incontournables en Languedoc pour d\u00e9buter ?<\/strong><br data-start=\"3363\" data-end=\"3366\" \/>Mas Jullien, Terrasse d\u2019\u00c9lise, Mas de la S\u00e9ranne et Jasse de Castel sont d\u2019excellents points de d\u00e9part pour comprendre la diversit\u00e9 des terroirs et des styles.<\/p>\n<p data-start=\"3527\" data-end=\"3706\"><strong data-start=\"3527\" data-end=\"3570\">Ces vins sont-ils faits pour la garde ?<\/strong><br data-start=\"3570\" data-end=\"3573\" \/>Beaucoup de cuv\u00e9es (notamment en Terrasses du Larzac) vieillissent tr\u00e8s bien. Demandez-nous conseil selon le mill\u00e9sime et votre cave.<\/p>\n<p data-start=\"3708\" data-end=\"3865\"><strong data-start=\"3708\" data-end=\"3763\">Peut-on d\u00e9guster ces vins \u00e0 La Cave et le Bistrot ?<\/strong><br data-start=\"3763\" data-end=\"3766\" \/>Oui, r\u00e9guli\u00e8rement <strong data-start=\"3785\" data-end=\"3797\">au verre<\/strong> selon les ouvertures du moment, et lors de nos <strong data-start=\"3845\" data-end=\"3864\">soir\u00e9es accords<\/strong>.<\/p>\n<p data-start=\"3867\" data-end=\"4045\"><strong data-start=\"3867\" data-end=\"3900\">Avec quels plats les servir ?<\/strong><br data-start=\"3900\" data-end=\"3903\" \/>C\u00f4tes de b\u0153uf, agneau aux herbes, daube proven\u00e7ale pour les rouges ; poissons de roche, l\u00e9gumes grill\u00e9s, fromages \u00e0 p\u00e2te dure pour les blancs.<\/p>\n\n\n<p><\/p>\n\n\n\n<p><\/p>\n","protected":false},"excerpt":{"rendered":"<p>Nos \u00e9tapes en Languedoc, des vignes au verre : la vid\u00e9o du road trip, nos domaines coups de c\u0153ur, et des id\u00e9es d\u2019accords \u00e0 retrouver \u00e0 La Cave &#038; le Bistrot (Aubagne).<\/p>\n","protected":false},"author":1,"featured_media":2414,"comment_status":"open","ping_status":"open","sticky":false,"template":"","format":"standard","meta":{"_jetpack_memberships_contains_paid_content":false,"footnotes":""},"categories":[23],"tags":[64,66,67,60,68,65,61,59,62,58],"class_list":["post-2408","post","type-post","status-publish","format-standard","has-post-thumbnail","hentry","category-la-cave-a-vin","tag-accord-mets-vins-languedoc","tag-cave-a-vin-aubagne","tag-degustation-aubagne","tag-degustation-languedoc","tag-jasse-castel","tag-la-cave-et-le-bistrot","tag-mas-de-la-seranne","tag-mas-jullien","tag-terrasse-delise","tag-vins-du-languedoc"],"yoast_head":"<!-- This site is optimized with the Yoast SEO plugin v26.3 - https:\/\/yoast.com\/wordpress\/plugins\/seo\/ -->\n<title>Route des vins du Languedoc : nos vins coups de c\u0153ur (vid\u00e9o)<\/title>\n<meta name=\"description\" content=\"Sur la route des vins du Languedoc avec La Cave et le Bistrot : Mas Jullien, Terrasse d\u2019\u00c9lise, Mas de la S\u00e9ranne\u2026 terroirs, d\u00e9gustations et id\u00e9es d\u2019accords.\" \/>\n<meta name=\"robots\" content=\"index, follow, max-snippet:-1, max-image-preview:large, max-video-preview:-1\" \/>\n<link rel=\"canonical\" href=\"https:\/\/lacaveetlebistrot.com\/index.php\/2025\/09\/10\/route-vins-languedoc-mas-jullien-terrasse-elise-video\/\" \/>\n<meta property=\"og:locale\" content=\"fr_FR\" \/>\n<meta property=\"og:type\" content=\"article\" \/>\n<meta property=\"og:title\" content=\"Route des vins du Languedoc : nos vins coups de c\u0153ur (vid\u00e9o)\" \/>\n<meta property=\"og:description\" content=\"Sur la route des vins du Languedoc avec La Cave et le Bistrot : Mas Jullien, Terrasse d\u2019\u00c9lise, Mas de la S\u00e9ranne\u2026 terroirs, d\u00e9gustations et id\u00e9es d\u2019accords.\" \/>\n<meta property=\"og:url\" content=\"https:\/\/lacaveetlebistrot.com\/index.php\/2025\/09\/10\/route-vins-languedoc-mas-jullien-terrasse-elise-video\/\" \/>\n<meta property=\"og:site_name\" content=\"La Cave et le Bistrot\" \/>\n<meta property=\"article:publisher\" content=\"https:\/\/www.facebook.com\/LaCaveetLeBistrot\" \/>\n<meta property=\"article:published_time\" content=\"2025-09-10T14:44:51+00:00\" \/>\n<meta property=\"article:modified_time\" content=\"2025-09-10T14:48:05+00:00\" \/>\n<meta property=\"og:image\" content=\"https:\/\/lacaveetlebistrot.com\/wp-content\/uploads\/2025\/09\/route-vins-languedoc-mas-jullien-terrasse-elise.webp\" \/>\n\t<meta property=\"og:image:width\" content=\"1200\" \/>\n\t<meta property=\"og:image:height\" content=\"799\" \/>\n\t<meta property=\"og:image:type\" content=\"image\/webp\" \/>\n<meta name=\"author\" content=\"lacavedethierry\" \/>\n<meta name=\"twitter:card\" content=\"summary_large_image\" \/>\n<meta name=\"twitter:label1\" content=\"\u00c9crit par\" \/>\n\t<meta name=\"twitter:data1\" content=\"lacavedethierry\" \/>\n\t<meta name=\"twitter:label2\" content=\"Dur\u00e9e de lecture estim\u00e9e\" \/>\n\t<meta name=\"twitter:data2\" content=\"3 minutes\" \/>\n<script type=\"application\/ld+json\" class=\"yoast-schema-graph\">{\"@context\":\"https:\/\/schema.org\",\"@graph\":[{\"@type\":\"Article\",\"@id\":\"https:\/\/lacaveetlebistrot.com\/index.php\/2025\/09\/10\/route-vins-languedoc-mas-jullien-terrasse-elise-video\/#article\",\"isPartOf\":{\"@id\":\"https:\/\/lacaveetlebistrot.com\/index.php\/2025\/09\/10\/route-vins-languedoc-mas-jullien-terrasse-elise-video\/\"},\"author\":{\"name\":\"lacavedethierry\",\"@id\":\"https:\/\/lacaveetlebistrot.com\/#\/schema\/person\/ae9d594f71c9aaee402752517006c63c\"},\"headline\":\"Route des vins du Languedoc : Mas Jullien , Terrasse d\u2019\u00c9lise &amp; cie \u00ab\u00a0La VIDEO\u00a0\u00bb\",\"datePublished\":\"2025-09-10T14:44:51+00:00\",\"dateModified\":\"2025-09-10T14:48:05+00:00\",\"mainEntityOfPage\":{\"@id\":\"https:\/\/lacaveetlebistrot.com\/index.php\/2025\/09\/10\/route-vins-languedoc-mas-jullien-terrasse-elise-video\/\"},\"wordCount\":460,\"commentCount\":0,\"publisher\":{\"@id\":\"https:\/\/lacaveetlebistrot.com\/#organization\"},\"image\":{\"@id\":\"https:\/\/lacaveetlebistrot.com\/index.php\/2025\/09\/10\/route-vins-languedoc-mas-jullien-terrasse-elise-video\/#primaryimage\"},\"thumbnailUrl\":\"https:\/\/i0.wp.com\/lacaveetlebistrot.com\/wp-content\/uploads\/2025\/09\/route-vins-languedoc-mas-jullien-terrasse-elise.webp?fit=1200%2C799&ssl=1\",\"keywords\":[\"accord mets vins Languedoc\",\"cave \u00e0 vin Aubagne\",\"d\u00e9gustation Aubagne\",\"d\u00e9gustation Languedoc\",\"Jasse castel\",\"La Cave et le Bistrot\",\"Mas de la S\u00e9ranne\",\"Mas Jullien\",\"Terrasse d\u2019\u00c9lise\",\"vins du Languedoc\"],\"articleSection\":[\"La cave \u00e0 vin\"],\"inLanguage\":\"fr-FR\",\"potentialAction\":[{\"@type\":\"CommentAction\",\"name\":\"Comment\",\"target\":[\"https:\/\/lacaveetlebistrot.com\/index.php\/2025\/09\/10\/route-vins-languedoc-mas-jullien-terrasse-elise-video\/#respond\"]}]},{\"@type\":\"WebPage\",\"@id\":\"https:\/\/lacaveetlebistrot.com\/index.php\/2025\/09\/10\/route-vins-languedoc-mas-jullien-terrasse-elise-video\/\",\"url\":\"https:\/\/lacaveetlebistrot.com\/index.php\/2025\/09\/10\/route-vins-languedoc-mas-jullien-terrasse-elise-video\/\",\"name\":\"Route des vins du Languedoc : nos vins coups de c\u0153ur (vid\u00e9o)\",\"isPartOf\":{\"@id\":\"https:\/\/lacaveetlebistrot.com\/#website\"},\"primaryImageOfPage\":{\"@id\":\"https:\/\/lacaveetlebistrot.com\/index.php\/2025\/09\/10\/route-vins-languedoc-mas-jullien-terrasse-elise-video\/#primaryimage\"},\"image\":{\"@id\":\"https:\/\/lacaveetlebistrot.com\/index.php\/2025\/09\/10\/route-vins-languedoc-mas-jullien-terrasse-elise-video\/#primaryimage\"},\"thumbnailUrl\":\"https:\/\/i0.wp.com\/lacaveetlebistrot.com\/wp-content\/uploads\/2025\/09\/route-vins-languedoc-mas-jullien-terrasse-elise.webp?fit=1200%2C799&ssl=1\",\"datePublished\":\"2025-09-10T14:44:51+00:00\",\"dateModified\":\"2025-09-10T14:48:05+00:00\",\"description\":\"Sur la route des vins du Languedoc avec La Cave et le Bistrot : Mas Jullien, Terrasse d\u2019\u00c9lise, Mas de la S\u00e9ranne\u2026 terroirs, d\u00e9gustations et id\u00e9es d\u2019accords.\",\"breadcrumb\":{\"@id\":\"https:\/\/lacaveetlebistrot.com\/index.php\/2025\/09\/10\/route-vins-languedoc-mas-jullien-terrasse-elise-video\/#breadcrumb\"},\"inLanguage\":\"fr-FR\",\"potentialAction\":[{\"@type\":\"ReadAction\",\"target\":[\"https:\/\/lacaveetlebistrot.com\/index.php\/2025\/09\/10\/route-vins-languedoc-mas-jullien-terrasse-elise-video\/\"]}]},{\"@type\":\"ImageObject\",\"inLanguage\":\"fr-FR\",\"@id\":\"https:\/\/lacaveetlebistrot.com\/index.php\/2025\/09\/10\/route-vins-languedoc-mas-jullien-terrasse-elise-video\/#primaryimage\",\"url\":\"https:\/\/i0.wp.com\/lacaveetlebistrot.com\/wp-content\/uploads\/2025\/09\/route-vins-languedoc-mas-jullien-terrasse-elise.webp?fit=1200%2C799&ssl=1\",\"contentUrl\":\"https:\/\/i0.wp.com\/lacaveetlebistrot.com\/wp-content\/uploads\/2025\/09\/route-vins-languedoc-mas-jullien-terrasse-elise.webp?fit=1200%2C799&ssl=1\",\"width\":1200,\"height\":799,\"caption\":\"Road trip vins du Languedoc \u2013 Mas Jullien, Terrasse d\u2019\u00c9lise, Mas de la S\u00e9ranne\"},{\"@type\":\"BreadcrumbList\",\"@id\":\"https:\/\/lacaveetlebistrot.com\/index.php\/2025\/09\/10\/route-vins-languedoc-mas-jullien-terrasse-elise-video\/#breadcrumb\",\"itemListElement\":[{\"@type\":\"ListItem\",\"position\":1,\"name\":\"Accueil\",\"item\":\"https:\/\/lacaveetlebistrot.com\/\"},{\"@type\":\"ListItem\",\"position\":2,\"name\":\"Route des vins du Languedoc : Mas Jullien , Terrasse d\u2019\u00c9lise &amp; cie \u00ab\u00a0La VIDEO\u00a0\u00bb\"}]},{\"@type\":\"WebSite\",\"@id\":\"https:\/\/lacaveetlebistrot.com\/#website\",\"url\":\"https:\/\/lacaveetlebistrot.com\/\",\"name\":\"La Cave et le Bistrot\",\"description\":\"La cave \u00e0 vin du centre ville d&#039;Aubagne\",\"publisher\":{\"@id\":\"https:\/\/lacaveetlebistrot.com\/#organization\"},\"potentialAction\":[{\"@type\":\"SearchAction\",\"target\":{\"@type\":\"EntryPoint\",\"urlTemplate\":\"https:\/\/lacaveetlebistrot.com\/?s={search_term_string}\"},\"query-input\":{\"@type\":\"PropertyValueSpecification\",\"valueRequired\":true,\"valueName\":\"search_term_string\"}}],\"inLanguage\":\"fr-FR\"},{\"@type\":\"Organization\",\"@id\":\"https:\/\/lacaveetlebistrot.com\/#organization\",\"name\":\"La Cave et le Bistrot\",\"alternateName\":\"Cave \u00e0 vin Aubagne\",\"url\":\"https:\/\/lacaveetlebistrot.com\/\",\"logo\":{\"@type\":\"ImageObject\",\"inLanguage\":\"fr-FR\",\"@id\":\"https:\/\/lacaveetlebistrot.com\/#\/schema\/logo\/image\/\",\"url\":\"https:\/\/i0.wp.com\/lacaveetlebistrot.com\/wp-content\/uploads\/2021\/12\/Logo-carre-e1642772598302.png?fit=548%2C572&ssl=1\",\"contentUrl\":\"https:\/\/i0.wp.com\/lacaveetlebistrot.com\/wp-content\/uploads\/2021\/12\/Logo-carre-e1642772598302.png?fit=548%2C572&ssl=1\",\"width\":548,\"height\":572,\"caption\":\"La Cave et le Bistrot\"},\"image\":{\"@id\":\"https:\/\/lacaveetlebistrot.com\/#\/schema\/logo\/image\/\"},\"sameAs\":[\"https:\/\/www.facebook.com\/LaCaveetLeBistrot\"]},{\"@type\":\"Person\",\"@id\":\"https:\/\/lacaveetlebistrot.com\/#\/schema\/person\/ae9d594f71c9aaee402752517006c63c\",\"name\":\"lacavedethierry\",\"image\":{\"@type\":\"ImageObject\",\"inLanguage\":\"fr-FR\",\"@id\":\"https:\/\/lacaveetlebistrot.com\/#\/schema\/person\/image\/\",\"url\":\"https:\/\/secure.gravatar.com\/avatar\/b9ba061fa4bff1690b72a325be2f4336f8aaa5c5aa77fade48bd9dd8bd8be007?s=96&d=mm&r=g\",\"contentUrl\":\"https:\/\/secure.gravatar.com\/avatar\/b9ba061fa4bff1690b72a325be2f4336f8aaa5c5aa77fade48bd9dd8bd8be007?s=96&d=mm&r=g\",\"caption\":\"lacavedethierry\"},\"url\":\"https:\/\/lacaveetlebistrot.com\/index.php\/author\/lacavedethierry\/\"}]}<\/script>\n<!-- \/ Yoast SEO plugin. -->","yoast_head_json":{"title":"Route des vins du Languedoc : nos vins coups de c\u0153ur (vid\u00e9o)","description":"Sur la route des vins du Languedoc avec La Cave et le Bistrot : Mas Jullien, Terrasse d\u2019\u00c9lise, Mas de la S\u00e9ranne\u2026 terroirs, d\u00e9gustations et id\u00e9es d\u2019accords.","robots":{"index":"index","follow":"follow","max-snippet":"max-snippet:-1","max-image-preview":"max-image-preview:large","max-video-preview":"max-video-preview:-1"},"canonical":"https:\/\/lacaveetlebistrot.com\/index.php\/2025\/09\/10\/route-vins-languedoc-mas-jullien-terrasse-elise-video\/","og_locale":"fr_FR","og_type":"article","og_title":"Route des vins du Languedoc : nos vins coups de c\u0153ur (vid\u00e9o)","og_description":"Sur la route des vins du Languedoc avec La Cave et le Bistrot : Mas Jullien, Terrasse d\u2019\u00c9lise, Mas de la S\u00e9ranne\u2026 terroirs, d\u00e9gustations et id\u00e9es d\u2019accords.","og_url":"https:\/\/lacaveetlebistrot.com\/index.php\/2025\/09\/10\/route-vins-languedoc-mas-jullien-terrasse-elise-video\/","og_site_name":"La Cave et le Bistrot","article_publisher":"https:\/\/www.facebook.com\/LaCaveetLeBistrot","article_published_time":"2025-09-10T14:44:51+00:00","article_modified_time":"2025-09-10T14:48:05+00:00","og_image":[{"width":1200,"height":799,"url":"https:\/\/lacaveetlebistrot.com\/wp-content\/uploads\/2025\/09\/route-vins-languedoc-mas-jullien-terrasse-elise.webp","type":"image\/webp"}],"author":"lacavedethierry","twitter_card":"summary_large_image","twitter_misc":{"\u00c9crit par":"lacavedethierry","Dur\u00e9e de lecture estim\u00e9e":"3 minutes"},"schema":{"@context":"https:\/\/schema.org","@graph":[{"@type":"Article","@id":"https:\/\/lacaveetlebistrot.com\/index.php\/2025\/09\/10\/route-vins-languedoc-mas-jullien-terrasse-elise-video\/#article","isPartOf":{"@id":"https:\/\/lacaveetlebistrot.com\/index.php\/2025\/09\/10\/route-vins-languedoc-mas-jullien-terrasse-elise-video\/"},"author":{"name":"lacavedethierry","@id":"https:\/\/lacaveetlebistrot.com\/#\/schema\/person\/ae9d594f71c9aaee402752517006c63c"},"headline":"Route des vins du Languedoc : Mas Jullien , Terrasse d\u2019\u00c9lise &amp; cie \u00ab\u00a0La VIDEO\u00a0\u00bb","datePublished":"2025-09-10T14:44:51+00:00","dateModified":"2025-09-10T14:48:05+00:00","mainEntityOfPage":{"@id":"https:\/\/lacaveetlebistrot.com\/index.php\/2025\/09\/10\/route-vins-languedoc-mas-jullien-terrasse-elise-video\/"},"wordCount":460,"commentCount":0,"publisher":{"@id":"https:\/\/lacaveetlebistrot.com\/#organization"},"image":{"@id":"https:\/\/lacaveetlebistrot.com\/index.php\/2025\/09\/10\/route-vins-languedoc-mas-jullien-terrasse-elise-video\/#primaryimage"},"thumbnailUrl":"https:\/\/i0.wp.com\/lacaveetlebistrot.com\/wp-content\/uploads\/2025\/09\/route-vins-languedoc-mas-jullien-terrasse-elise.webp?fit=1200%2C799&ssl=1","keywords":["accord mets vins Languedoc","cave \u00e0 vin Aubagne","d\u00e9gustation Aubagne","d\u00e9gustation Languedoc","Jasse castel","La Cave et le Bistrot","Mas de la S\u00e9ranne","Mas Jullien","Terrasse d\u2019\u00c9lise","vins du Languedoc"],"articleSection":["La cave \u00e0 vin"],"inLanguage":"fr-FR","potentialAction":[{"@type":"CommentAction","name":"Comment","target":["https:\/\/lacaveetlebistrot.com\/index.php\/2025\/09\/10\/route-vins-languedoc-mas-jullien-terrasse-elise-video\/#respond"]}]},{"@type":"WebPage","@id":"https:\/\/lacaveetlebistrot.com\/index.php\/2025\/09\/10\/route-vins-languedoc-mas-jullien-terrasse-elise-video\/","url":"https:\/\/lacaveetlebistrot.com\/index.php\/2025\/09\/10\/route-vins-languedoc-mas-jullien-terrasse-elise-video\/","name":"Route des vins du Languedoc : nos vins coups de c\u0153ur (vid\u00e9o)","isPartOf":{"@id":"https:\/\/lacaveetlebistrot.com\/#website"},"primaryImageOfPage":{"@id":"https:\/\/lacaveetlebistrot.com\/index.php\/2025\/09\/10\/route-vins-languedoc-mas-jullien-terrasse-elise-video\/#primaryimage"},"image":{"@id":"https:\/\/lacaveetlebistrot.com\/index.php\/2025\/09\/10\/route-vins-languedoc-mas-jullien-terrasse-elise-video\/#primaryimage"},"thumbnailUrl":"https:\/\/i0.wp.com\/lacaveetlebistrot.com\/wp-content\/uploads\/2025\/09\/route-vins-languedoc-mas-jullien-terrasse-elise.webp?fit=1200%2C799&ssl=1","datePublished":"2025-09-10T14:44:51+00:00","dateModified":"2025-09-10T14:48:05+00:00","description":"Sur la route des vins du Languedoc avec La Cave et le Bistrot : Mas Jullien, Terrasse d\u2019\u00c9lise, Mas de la S\u00e9ranne\u2026 terroirs, d\u00e9gustations et id\u00e9es d\u2019accords.","breadcrumb":{"@id":"https:\/\/lacaveetlebistrot.com\/index.php\/2025\/09\/10\/route-vins-languedoc-mas-jullien-terrasse-elise-video\/#breadcrumb"},"inLanguage":"fr-FR","potentialAction":[{"@type":"ReadAction","target":["https:\/\/lacaveetlebistrot.com\/index.php\/2025\/09\/10\/route-vins-languedoc-mas-jullien-terrasse-elise-video\/"]}]},{"@type":"ImageObject","inLanguage":"fr-FR","@id":"https:\/\/lacaveetlebistrot.com\/index.php\/2025\/09\/10\/route-vins-languedoc-mas-jullien-terrasse-elise-video\/#primaryimage","url":"https:\/\/i0.wp.com\/lacaveetlebistrot.com\/wp-content\/uploads\/2025\/09\/route-vins-languedoc-mas-jullien-terrasse-elise.webp?fit=1200%2C799&ssl=1","contentUrl":"https:\/\/i0.wp.com\/lacaveetlebistrot.com\/wp-content\/uploads\/2025\/09\/route-vins-languedoc-mas-jullien-terrasse-elise.webp?fit=1200%2C799&ssl=1","width":1200,"height":799,"caption":"Road trip vins du Languedoc \u2013 Mas Jullien, Terrasse d\u2019\u00c9lise, Mas de la S\u00e9ranne"},{"@type":"BreadcrumbList","@id":"https:\/\/lacaveetlebistrot.com\/index.php\/2025\/09\/10\/route-vins-languedoc-mas-jullien-terrasse-elise-video\/#breadcrumb","itemListElement":[{"@type":"ListItem","position":1,"name":"Accueil","item":"https:\/\/lacaveetlebistrot.com\/"},{"@type":"ListItem","position":2,"name":"Route des vins du Languedoc : Mas Jullien , Terrasse d\u2019\u00c9lise &amp; cie \u00ab\u00a0La VIDEO\u00a0\u00bb"}]},{"@type":"WebSite","@id":"https:\/\/lacaveetlebistrot.com\/#website","url":"https:\/\/lacaveetlebistrot.com\/","name":"La Cave et le Bistrot","description":"La cave \u00e0 vin du centre ville d&#039;Aubagne","publisher":{"@id":"https:\/\/lacaveetlebistrot.com\/#organization"},"potentialAction":[{"@type":"SearchAction","target":{"@type":"EntryPoint","urlTemplate":"https:\/\/lacaveetlebistrot.com\/?s={search_term_string}"},"query-input":{"@type":"PropertyValueSpecification","valueRequired":true,"valueName":"search_term_string"}}],"inLanguage":"fr-FR"},{"@type":"Organization","@id":"https:\/\/lacaveetlebistrot.com\/#organization","name":"La Cave et le Bistrot","alternateName":"Cave \u00e0 vin Aubagne","url":"https:\/\/lacaveetlebistrot.com\/","logo":{"@type":"ImageObject","inLanguage":"fr-FR","@id":"https:\/\/lacaveetlebistrot.com\/#\/schema\/logo\/image\/","url":"https:\/\/i0.wp.com\/lacaveetlebistrot.com\/wp-content\/uploads\/2021\/12\/Logo-carre-e1642772598302.png?fit=548%2C572&ssl=1","contentUrl":"https:\/\/i0.wp.com\/lacaveetlebistrot.com\/wp-content\/uploads\/2021\/12\/Logo-carre-e1642772598302.png?fit=548%2C572&ssl=1","width":548,"height":572,"caption":"La Cave et le Bistrot"},"image":{"@id":"https:\/\/lacaveetlebistrot.com\/#\/schema\/logo\/image\/"},"sameAs":["https:\/\/www.facebook.com\/LaCaveetLeBistrot"]},{"@type":"Person","@id":"https:\/\/lacaveetlebistrot.com\/#\/schema\/person\/ae9d594f71c9aaee402752517006c63c","name":"lacavedethierry","image":{"@type":"ImageObject","inLanguage":"fr-FR","@id":"https:\/\/lacaveetlebistrot.com\/#\/schema\/person\/image\/","url":"https:\/\/secure.gravatar.com\/avatar\/b9ba061fa4bff1690b72a325be2f4336f8aaa5c5aa77fade48bd9dd8bd8be007?s=96&d=mm&r=g","contentUrl":"https:\/\/secure.gravatar.com\/avatar\/b9ba061fa4bff1690b72a325be2f4336f8aaa5c5aa77fade48bd9dd8bd8be007?s=96&d=mm&r=g","caption":"lacavedethierry"},"url":"https:\/\/lacaveetlebistrot.com\/index.php\/author\/lacavedethierry\/"}]}},"jetpack_featured_media_url":"https:\/\/i0.wp.com\/lacaveetlebistrot.com\/wp-content\/uploads\/2025\/09\/route-vins-languedoc-mas-jullien-terrasse-elise.webp?fit=1200%2C799&ssl=1","jetpack-related-posts":[],"jetpack_sharing_enabled":true,"_links":{"self":[{"href":"https:\/\/lacaveetlebistrot.com\/index.php\/wp-json\/wp\/v2\/posts\/2408","targetHints":{"allow":["GET"]}}],"collection":[{"href":"https:\/\/lacaveetlebistrot.com\/index.php\/wp-json\/wp\/v2\/posts"}],"about":[{"href":"https:\/\/lacaveetlebistrot.com\/index.php\/wp-json\/wp\/v2\/types\/post"}],"author":[{"embeddable":true,"href":"https:\/\/lacaveetlebistrot.com\/index.php\/wp-json\/wp\/v2\/users\/1"}],"replies":[{"embeddable":true,"href":"https:\/\/lacaveetlebistrot.com\/index.php\/wp-json\/wp\/v2\/comments?post=2408"}],"version-history":[{"count":7,"href":"https:\/\/lacaveetlebistrot.com\/index.php\/wp-json\/wp\/v2\/posts\/2408\/revisions"}],"predecessor-version":[{"id":2416,"href":"https:\/\/lacaveetlebistrot.com\/index.php\/wp-json\/wp\/v2\/posts\/2408\/revisions\/2416"}],"wp:featuredmedia":[{"embeddable":true,"href":"https:\/\/lacaveetlebistrot.com\/index.php\/wp-json\/wp\/v2\/media\/2414"}],"wp:attachment":[{"href":"https:\/\/lacaveetlebistrot.com\/index.php\/wp-json\/wp\/v2\/media?parent=2408"}],"wp:term":[{"taxonomy":"category","embeddable":true,"href":"https:\/\/lacaveetlebistrot.com\/index.php\/wp-json\/wp\/v2\/categories?post=2408"},{"taxonomy":"post_tag","embeddable":true,"href":"https:\/\/lacaveetlebistrot.com\/index.php\/wp-json\/wp\/v2\/tags?post=2408"}],"curies":[{"name":"wp","href":"https:\/\/api.w.org\/{rel}","templated":true}]}}