{"id":2321,"date":"2023-07-19T17:20:20","date_gmt":"2023-07-19T15:20:20","guid":{"rendered":"https:\/\/lacaveetlebistrot.com\/?p=2321"},"modified":"2023-07-19T18:34:46","modified_gmt":"2023-07-19T16:34:46","slug":"argila-aubagne","status":"publish","type":"post","link":"https:\/\/lacaveetlebistrot.com\/index.php\/2023\/07\/19\/argila-aubagne\/","title":{"rendered":"Argilla Aubagne"},"content":{"rendered":"<h1 style=\"text-align: center;\">La Cave et le Bistrot vous accueille dans sa cave \u00e0 vin pour Argilla Aubagne 2023.<\/h1>\n<p style=\"text-align: center;\">On vous donne rendez-vous pour Argilla Aubagne. Venez nombreux, le samedi 12 et le dimanche 13 aout pour le plus grand march\u00e9 potier de France. C\u2019est \u00e9galement l\u2019un des plus grands d\u2019Europe avec pr\u00e8s de 180 c\u00e9ramistes venus de l\u2019hexagone mais aussi du monde. Le pays mis \u00e0 l\u2019honneur cette ann\u00e9e devrait \u00eatre le Portugal.<\/p>\n<p style=\"text-align: center;\">\n<p style=\"text-align: center;\">\n<p style=\"text-align: center;\">\n<p style=\"text-align: center;\"><img data-recalc-dims=\"1\" loading=\"lazy\" decoding=\"async\" class=\"alignnone size-medium wp-image-2340\" src=\"https:\/\/i0.wp.com\/lacaveetlebistrot.com\/wp-content\/uploads\/2023\/07\/csm_argilla-7_87a70e5cbb.jpg?resize=300%2C180&#038;ssl=1\" alt=\"\" width=\"300\" height=\"180\" \/><\/p>\n<p><img data-recalc-dims=\"1\" loading=\"lazy\" decoding=\"async\" class=\"size-medium wp-image-2324 aligncenter\" src=\"https:\/\/i0.wp.com\/lacaveetlebistrot.com\/wp-content\/uploads\/2023\/07\/csm_argilla-13_0158d02b56.jpg?resize=300%2C180&#038;ssl=1\" alt=\"\" width=\"300\" height=\"180\" srcset=\"https:\/\/i0.wp.com\/lacaveetlebistrot.com\/wp-content\/uploads\/2023\/07\/csm_argilla-13_0158d02b56.jpg?resize=300%2C180&amp;ssl=1 300w, https:\/\/i0.wp.com\/lacaveetlebistrot.com\/wp-content\/uploads\/2023\/07\/csm_argilla-13_0158d02b56.jpg?resize=1024%2C614&amp;ssl=1 1024w, https:\/\/i0.wp.com\/lacaveetlebistrot.com\/wp-content\/uploads\/2023\/07\/csm_argilla-13_0158d02b56.jpg?resize=768%2C461&amp;ssl=1 768w, https:\/\/i0.wp.com\/lacaveetlebistrot.com\/wp-content\/uploads\/2023\/07\/csm_argilla-13_0158d02b56.jpg?resize=600%2C360&amp;ssl=1 600w, https:\/\/i0.wp.com\/lacaveetlebistrot.com\/wp-content\/uploads\/2023\/07\/csm_argilla-13_0158d02b56.jpg?w=1280&amp;ssl=1 1280w\" sizes=\"auto, (max-width: 300px) 100vw, 300px\" \/><\/p>\n<p style=\"text-align: center;\"><img data-recalc-dims=\"1\" loading=\"lazy\" decoding=\"async\" class=\"alignnone size-medium wp-image-2341\" src=\"https:\/\/i0.wp.com\/lacaveetlebistrot.com\/wp-content\/uploads\/2023\/07\/argilla-initiation-tournage-mains-pays-daubagne-scaled-640x640-1.jpg?resize=300%2C300&#038;ssl=1\" alt=\"\" width=\"300\" height=\"300\" srcset=\"https:\/\/i0.wp.com\/lacaveetlebistrot.com\/wp-content\/uploads\/2023\/07\/argilla-initiation-tournage-mains-pays-daubagne-scaled-640x640-1.jpg?resize=300%2C300&amp;ssl=1 300w, https:\/\/i0.wp.com\/lacaveetlebistrot.com\/wp-content\/uploads\/2023\/07\/argilla-initiation-tournage-mains-pays-daubagne-scaled-640x640-1.jpg?resize=150%2C150&amp;ssl=1 150w, https:\/\/i0.wp.com\/lacaveetlebistrot.com\/wp-content\/uploads\/2023\/07\/argilla-initiation-tournage-mains-pays-daubagne-scaled-640x640-1.jpg?resize=600%2C600&amp;ssl=1 600w, https:\/\/i0.wp.com\/lacaveetlebistrot.com\/wp-content\/uploads\/2023\/07\/argilla-initiation-tournage-mains-pays-daubagne-scaled-640x640-1.jpg?resize=100%2C100&amp;ssl=1 100w, https:\/\/i0.wp.com\/lacaveetlebistrot.com\/wp-content\/uploads\/2023\/07\/argilla-initiation-tournage-mains-pays-daubagne-scaled-640x640-1.jpg?w=640&amp;ssl=1 640w\" sizes=\"auto, (max-width: 300px) 100vw, 300px\" \/><\/p>\n<p style=\"text-align: center;\">\n<h2 style=\"text-align: center;\">La Cave \u00e0 vin de Argilla Aubagne<\/h2>\n<p style=\"text-align: center;\">Pour Argilla Aubagne, notre cave \u00e0 vin sera ouverte \u00e0 partir de 09h30. On vous propose de venir gouter \u00e0 nos vins de Provence, de cassis ou de Bandol, en blanc, rouge ou ros\u00e9. M\u00e9lodie vous conseillera sur les produits r\u00e9gionaux comme l\u2019huile Aop les Baux, les biscuits de la maison du craquelin \u00e0 la Ciotat ou tous nos produits d\u2019\u00e9picerie fine. Vous voulez repartir avec un cadeau qui fera vraiment plaisir \u00e0 tous les \u00e9picuriens, venez nous voir.<\/p>\n<p><img data-recalc-dims=\"1\" loading=\"lazy\" decoding=\"async\" class=\"size-medium wp-image-2180 aligncenter\" src=\"https:\/\/i0.wp.com\/lacaveetlebistrot.com\/wp-content\/uploads\/2022\/06\/20220603_150425-01-scaled-e1689779633597-300x225.jpeg?resize=300%2C225&#038;ssl=1\" alt=\"La cave et le bistrot\" width=\"300\" height=\"225\" srcset=\"https:\/\/i0.wp.com\/lacaveetlebistrot.com\/wp-content\/uploads\/2022\/06\/20220603_150425-01-scaled-e1689779633597.jpeg?resize=300%2C225&amp;ssl=1 300w, https:\/\/i0.wp.com\/lacaveetlebistrot.com\/wp-content\/uploads\/2022\/06\/20220603_150425-01-scaled-e1689779633597.jpeg?resize=1024%2C768&amp;ssl=1 1024w, https:\/\/i0.wp.com\/lacaveetlebistrot.com\/wp-content\/uploads\/2022\/06\/20220603_150425-01-scaled-e1689779633597.jpeg?resize=768%2C576&amp;ssl=1 768w, https:\/\/i0.wp.com\/lacaveetlebistrot.com\/wp-content\/uploads\/2022\/06\/20220603_150425-01-scaled-e1689779633597.jpeg?resize=600%2C450&amp;ssl=1 600w, https:\/\/i0.wp.com\/lacaveetlebistrot.com\/wp-content\/uploads\/2022\/06\/20220603_150425-01-scaled-e1689779633597.jpeg?w=1280&amp;ssl=1 1280w\" sizes=\"auto, (max-width: 300px) 100vw, 300px\" \/><\/p>\n<h2 style=\"text-align: center;\">La Cave \u00e0 manger de Argilla Aubagne<\/h2>\n<p style=\"text-align: center;\">Durant ces deux jours de festivit\u00e9, on vous propose de venir vous d\u00e9lecter de nos sandwichs cuisin\u00e9s et gourmands accompagn\u00e9s d\u2019un vrai verre de vin (qui ne vient pas d\u2019un vieux cubi). Le pays mis \u00e0 l\u2019honneur cette ann\u00e9e sera le Portugal, on ne pouvait pas ne pas faire un sandwich avec de la morue. Le sandwich avec notre c\u00e9l\u00e8bre andouillette (la meilleure selon google) sera accompagn\u00e9 de sa sauce \u00e0 la moutarde. Un sandwich au pulled porc (effiloch\u00e9 de cochon) cuit des heures en basse temp\u00e9rature. \u00a0Et pour accompagner ces merveilles, vous pourrez \u00e9galement boire une pression de la brasserie la Sainte Baume \u00e0 G\u00e9menos.<\/p>\n<p><img data-recalc-dims=\"1\" loading=\"lazy\" decoding=\"async\" class=\"size-medium wp-image-2326 aligncenter\" src=\"https:\/\/i0.wp.com\/lacaveetlebistrot.com\/wp-content\/uploads\/2023\/07\/20221208_130859-02-scaled-e1689779719773-300x225.jpeg?resize=300%2C225&#038;ssl=1\" alt=\"\" width=\"300\" height=\"225\" srcset=\"https:\/\/i0.wp.com\/lacaveetlebistrot.com\/wp-content\/uploads\/2023\/07\/20221208_130859-02-scaled-e1689779719773.jpeg?resize=300%2C225&amp;ssl=1 300w, https:\/\/i0.wp.com\/lacaveetlebistrot.com\/wp-content\/uploads\/2023\/07\/20221208_130859-02-scaled-e1689779719773.jpeg?resize=1024%2C768&amp;ssl=1 1024w, https:\/\/i0.wp.com\/lacaveetlebistrot.com\/wp-content\/uploads\/2023\/07\/20221208_130859-02-scaled-e1689779719773.jpeg?resize=768%2C576&amp;ssl=1 768w, https:\/\/i0.wp.com\/lacaveetlebistrot.com\/wp-content\/uploads\/2023\/07\/20221208_130859-02-scaled-e1689779719773.jpeg?resize=600%2C450&amp;ssl=1 600w, https:\/\/i0.wp.com\/lacaveetlebistrot.com\/wp-content\/uploads\/2023\/07\/20221208_130859-02-scaled-e1689779719773.jpeg?w=1280&amp;ssl=1 1280w\" sizes=\"auto, (max-width: 300px) 100vw, 300px\" \/><\/p>\n<p style=\"text-align: center;\">Et comme toujours dans notre cave \u00e0 vin, vous aurez le choix parmi nos 1500 r\u00e9f\u00e9rences. Ne vous inqui\u00e9tez pas, Thierry notre caviste est l\u00e0 pour vous aider \u00e0 trouver la p\u00e9pite que vous allez adorer.<\/p>\n<p><img data-recalc-dims=\"1\" loading=\"lazy\" decoding=\"async\" class=\"size-medium wp-image-2327 aligncenter\" src=\"https:\/\/i0.wp.com\/lacaveetlebistrot.com\/wp-content\/uploads\/2023\/07\/20211103_095826-01.jpeg?resize=300%2C225&#038;ssl=1\" alt=\"\" width=\"300\" height=\"225\" srcset=\"https:\/\/i0.wp.com\/lacaveetlebistrot.com\/wp-content\/uploads\/2023\/07\/20211103_095826-01-scaled.jpeg?resize=300%2C225&amp;ssl=1 300w, https:\/\/i0.wp.com\/lacaveetlebistrot.com\/wp-content\/uploads\/2023\/07\/20211103_095826-01-scaled.jpeg?resize=1024%2C768&amp;ssl=1 1024w, https:\/\/i0.wp.com\/lacaveetlebistrot.com\/wp-content\/uploads\/2023\/07\/20211103_095826-01-scaled.jpeg?resize=768%2C576&amp;ssl=1 768w, https:\/\/i0.wp.com\/lacaveetlebistrot.com\/wp-content\/uploads\/2023\/07\/20211103_095826-01-scaled.jpeg?resize=1536%2C1152&amp;ssl=1 1536w, https:\/\/i0.wp.com\/lacaveetlebistrot.com\/wp-content\/uploads\/2023\/07\/20211103_095826-01-scaled.jpeg?resize=2048%2C1536&amp;ssl=1 2048w, https:\/\/i0.wp.com\/lacaveetlebistrot.com\/wp-content\/uploads\/2023\/07\/20211103_095826-01-scaled.jpeg?resize=1440%2C1080&amp;ssl=1 1440w, https:\/\/i0.wp.com\/lacaveetlebistrot.com\/wp-content\/uploads\/2023\/07\/20211103_095826-01-scaled.jpeg?resize=1320%2C990&amp;ssl=1 1320w, https:\/\/i0.wp.com\/lacaveetlebistrot.com\/wp-content\/uploads\/2023\/07\/20211103_095826-01-scaled.jpeg?resize=600%2C450&amp;ssl=1 600w\" sizes=\"auto, (max-width: 300px) 100vw, 300px\" \/><\/p>\n<p style=\"text-align: center;\">La Cave et le Bistrot est l\u00e0 pour vous proposer, un large choix de vins, whiskys, rhums, spiritueux mais aussi de l\u2019\u00e9picerie fine, sans oublier un service de cave \u00e0 manger. Alors, on vous attend pour Argilla Aubagne.<\/p>\n<h4 style=\"text-align: center;\"><a href=\"https:\/\/lacaveetlebistrot.com\/index.php\/contact\/\" target=\"_blank\" rel=\"noopener\">Pour nous contacter<\/a><\/h4>\n<h4 style=\"text-align: center;\"><a href=\"https:\/\/www.facebook.com\/LaCaveetLeBistrot\/\" target=\"_blank\" rel=\"noopener\">Pour nous suivre sur Facebook\u00a0<\/a><\/h4>\n","protected":false},"excerpt":{"rendered":"<p>La Cave et le Bistrot vous accueille dans sa cave \u00e0 vin pour Argilla Aubagne 2023. On vous donne rendez-vous pour Argilla Aubagne. Venez nombreux, le samedi 12 et le dimanche 13 aout pour le plus grand march\u00e9 potier de France. C\u2019est \u00e9galement l\u2019un des plus grands d\u2019Europe avec pr\u00e8s de 180 c\u00e9ramistes venus de&hellip; <br \/> <a class=\"read-more\" href=\"https:\/\/lacaveetlebistrot.com\/index.php\/2023\/07\/19\/argila-aubagne\/\">Lire la suite<\/a><\/p>\n","protected":false},"author":1,"featured_media":2340,"comment_status":"open","ping_status":"open","sticky":false,"template":"","format":"standard","meta":{"_jetpack_memberships_contains_paid_content":false,"footnotes":""},"categories":[55,23,22],"tags":[],"class_list":["post-2321","post","type-post","status-publish","format-standard","has-post-thumbnail","hentry","category-epicerie-fine-et-apero","category-la-cave-a-vin","category-le-bistrot"],"yoast_head":"<!-- This site is optimized with the Yoast SEO plugin v26.3 - https:\/\/yoast.com\/wordpress\/plugins\/seo\/ -->\n<title>Argilla Aubagne - La Cave et le Bistrot<\/title>\n<meta name=\"description\" content=\"La Cave et le Bistrot vous accueille pour Argila Aubagne 2023. On vous attend dans notre cave \u00e0 vin et cave \u00e0 manger.\" \/>\n<meta name=\"robots\" content=\"index, follow, max-snippet:-1, max-image-preview:large, max-video-preview:-1\" \/>\n<link rel=\"canonical\" href=\"https:\/\/lacaveetlebistrot.com\/index.php\/2023\/07\/19\/argila-aubagne\/\" \/>\n<meta property=\"og:locale\" content=\"fr_FR\" \/>\n<meta property=\"og:type\" content=\"article\" \/>\n<meta property=\"og:title\" content=\"Argilla Aubagne - La Cave et le Bistrot\" \/>\n<meta property=\"og:description\" content=\"La Cave et le Bistrot vous accueille pour Argila Aubagne 2023. On vous attend dans notre cave \u00e0 vin et cave \u00e0 manger.\" \/>\n<meta property=\"og:url\" content=\"https:\/\/lacaveetlebistrot.com\/index.php\/2023\/07\/19\/argila-aubagne\/\" \/>\n<meta property=\"og:site_name\" content=\"La Cave et le Bistrot\" \/>\n<meta property=\"article:publisher\" content=\"https:\/\/www.facebook.com\/LaCaveetLeBistrot\" \/>\n<meta property=\"article:published_time\" content=\"2023-07-19T15:20:20+00:00\" \/>\n<meta property=\"article:modified_time\" content=\"2023-07-19T16:34:46+00:00\" \/>\n<meta property=\"og:image\" content=\"https:\/\/lacaveetlebistrot.com\/wp-content\/uploads\/2023\/07\/csm_argilla-7_87a70e5cbb-e1689780626887.jpg\" \/>\n\t<meta property=\"og:image:width\" content=\"980\" \/>\n\t<meta property=\"og:image:height\" content=\"588\" \/>\n\t<meta property=\"og:image:type\" content=\"image\/jpeg\" \/>\n<meta name=\"author\" content=\"lacavedethierry\" \/>\n<meta name=\"twitter:card\" content=\"summary_large_image\" \/>\n<meta name=\"twitter:label1\" content=\"\u00c9crit par\" \/>\n\t<meta name=\"twitter:data1\" content=\"lacavedethierry\" \/>\n\t<meta name=\"twitter:label2\" content=\"Dur\u00e9e de lecture estim\u00e9e\" \/>\n\t<meta name=\"twitter:data2\" content=\"4 minutes\" \/>\n<script type=\"application\/ld+json\" class=\"yoast-schema-graph\">{\"@context\":\"https:\/\/schema.org\",\"@graph\":[{\"@type\":\"Article\",\"@id\":\"https:\/\/lacaveetlebistrot.com\/index.php\/2023\/07\/19\/argila-aubagne\/#article\",\"isPartOf\":{\"@id\":\"https:\/\/lacaveetlebistrot.com\/index.php\/2023\/07\/19\/argila-aubagne\/\"},\"author\":{\"name\":\"lacavedethierry\",\"@id\":\"https:\/\/lacaveetlebistrot.com\/#\/schema\/person\/ae9d594f71c9aaee402752517006c63c\"},\"headline\":\"Argilla Aubagne\",\"datePublished\":\"2023-07-19T15:20:20+00:00\",\"dateModified\":\"2023-07-19T16:34:46+00:00\",\"mainEntityOfPage\":{\"@id\":\"https:\/\/lacaveetlebistrot.com\/index.php\/2023\/07\/19\/argila-aubagne\/\"},\"wordCount\":362,\"commentCount\":0,\"publisher\":{\"@id\":\"https:\/\/lacaveetlebistrot.com\/#organization\"},\"image\":{\"@id\":\"https:\/\/lacaveetlebistrot.com\/index.php\/2023\/07\/19\/argila-aubagne\/#primaryimage\"},\"thumbnailUrl\":\"https:\/\/i0.wp.com\/lacaveetlebistrot.com\/wp-content\/uploads\/2023\/07\/csm_argilla-7_87a70e5cbb-e1689780626887.jpg?fit=980%2C588&ssl=1\",\"articleSection\":[\"Epicerie fine et Ap\u00e9ro\",\"La cave \u00e0 vin\",\"Le bistrot\"],\"inLanguage\":\"fr-FR\",\"potentialAction\":[{\"@type\":\"CommentAction\",\"name\":\"Comment\",\"target\":[\"https:\/\/lacaveetlebistrot.com\/index.php\/2023\/07\/19\/argila-aubagne\/#respond\"]}]},{\"@type\":\"WebPage\",\"@id\":\"https:\/\/lacaveetlebistrot.com\/index.php\/2023\/07\/19\/argila-aubagne\/\",\"url\":\"https:\/\/lacaveetlebistrot.com\/index.php\/2023\/07\/19\/argila-aubagne\/\",\"name\":\"Argilla Aubagne - La Cave et le Bistrot\",\"isPartOf\":{\"@id\":\"https:\/\/lacaveetlebistrot.com\/#website\"},\"primaryImageOfPage\":{\"@id\":\"https:\/\/lacaveetlebistrot.com\/index.php\/2023\/07\/19\/argila-aubagne\/#primaryimage\"},\"image\":{\"@id\":\"https:\/\/lacaveetlebistrot.com\/index.php\/2023\/07\/19\/argila-aubagne\/#primaryimage\"},\"thumbnailUrl\":\"https:\/\/i0.wp.com\/lacaveetlebistrot.com\/wp-content\/uploads\/2023\/07\/csm_argilla-7_87a70e5cbb-e1689780626887.jpg?fit=980%2C588&ssl=1\",\"datePublished\":\"2023-07-19T15:20:20+00:00\",\"dateModified\":\"2023-07-19T16:34:46+00:00\",\"description\":\"La Cave et le Bistrot vous accueille pour Argila Aubagne 2023. On vous attend dans notre cave \u00e0 vin et cave \u00e0 manger.\",\"breadcrumb\":{\"@id\":\"https:\/\/lacaveetlebistrot.com\/index.php\/2023\/07\/19\/argila-aubagne\/#breadcrumb\"},\"inLanguage\":\"fr-FR\",\"potentialAction\":[{\"@type\":\"ReadAction\",\"target\":[\"https:\/\/lacaveetlebistrot.com\/index.php\/2023\/07\/19\/argila-aubagne\/\"]}]},{\"@type\":\"ImageObject\",\"inLanguage\":\"fr-FR\",\"@id\":\"https:\/\/lacaveetlebistrot.com\/index.php\/2023\/07\/19\/argila-aubagne\/#primaryimage\",\"url\":\"https:\/\/i0.wp.com\/lacaveetlebistrot.com\/wp-content\/uploads\/2023\/07\/csm_argilla-7_87a70e5cbb-e1689780626887.jpg?fit=980%2C588&ssl=1\",\"contentUrl\":\"https:\/\/i0.wp.com\/lacaveetlebistrot.com\/wp-content\/uploads\/2023\/07\/csm_argilla-7_87a70e5cbb-e1689780626887.jpg?fit=980%2C588&ssl=1\",\"width\":980,\"height\":588},{\"@type\":\"BreadcrumbList\",\"@id\":\"https:\/\/lacaveetlebistrot.com\/index.php\/2023\/07\/19\/argila-aubagne\/#breadcrumb\",\"itemListElement\":[{\"@type\":\"ListItem\",\"position\":1,\"name\":\"Accueil\",\"item\":\"https:\/\/lacaveetlebistrot.com\/\"},{\"@type\":\"ListItem\",\"position\":2,\"name\":\"Argilla Aubagne\"}]},{\"@type\":\"WebSite\",\"@id\":\"https:\/\/lacaveetlebistrot.com\/#website\",\"url\":\"https:\/\/lacaveetlebistrot.com\/\",\"name\":\"La Cave et le Bistrot\",\"description\":\"La cave \u00e0 vin du centre ville d&#039;Aubagne\",\"publisher\":{\"@id\":\"https:\/\/lacaveetlebistrot.com\/#organization\"},\"potentialAction\":[{\"@type\":\"SearchAction\",\"target\":{\"@type\":\"EntryPoint\",\"urlTemplate\":\"https:\/\/lacaveetlebistrot.com\/?s={search_term_string}\"},\"query-input\":{\"@type\":\"PropertyValueSpecification\",\"valueRequired\":true,\"valueName\":\"search_term_string\"}}],\"inLanguage\":\"fr-FR\"},{\"@type\":\"Organization\",\"@id\":\"https:\/\/lacaveetlebistrot.com\/#organization\",\"name\":\"La Cave et le Bistrot\",\"alternateName\":\"Cave \u00e0 vin Aubagne\",\"url\":\"https:\/\/lacaveetlebistrot.com\/\",\"logo\":{\"@type\":\"ImageObject\",\"inLanguage\":\"fr-FR\",\"@id\":\"https:\/\/lacaveetlebistrot.com\/#\/schema\/logo\/image\/\",\"url\":\"https:\/\/i0.wp.com\/lacaveetlebistrot.com\/wp-content\/uploads\/2021\/12\/Logo-carre-e1642772598302.png?fit=548%2C572&ssl=1\",\"contentUrl\":\"https:\/\/i0.wp.com\/lacaveetlebistrot.com\/wp-content\/uploads\/2021\/12\/Logo-carre-e1642772598302.png?fit=548%2C572&ssl=1\",\"width\":548,\"height\":572,\"caption\":\"La Cave et le Bistrot\"},\"image\":{\"@id\":\"https:\/\/lacaveetlebistrot.com\/#\/schema\/logo\/image\/\"},\"sameAs\":[\"https:\/\/www.facebook.com\/LaCaveetLeBistrot\"]},{\"@type\":\"Person\",\"@id\":\"https:\/\/lacaveetlebistrot.com\/#\/schema\/person\/ae9d594f71c9aaee402752517006c63c\",\"name\":\"lacavedethierry\",\"image\":{\"@type\":\"ImageObject\",\"inLanguage\":\"fr-FR\",\"@id\":\"https:\/\/lacaveetlebistrot.com\/#\/schema\/person\/image\/\",\"url\":\"https:\/\/secure.gravatar.com\/avatar\/b9ba061fa4bff1690b72a325be2f4336f8aaa5c5aa77fade48bd9dd8bd8be007?s=96&d=mm&r=g\",\"contentUrl\":\"https:\/\/secure.gravatar.com\/avatar\/b9ba061fa4bff1690b72a325be2f4336f8aaa5c5aa77fade48bd9dd8bd8be007?s=96&d=mm&r=g\",\"caption\":\"lacavedethierry\"},\"url\":\"https:\/\/lacaveetlebistrot.com\/index.php\/author\/lacavedethierry\/\"}]}<\/script>\n<!-- \/ Yoast SEO plugin. -->","yoast_head_json":{"title":"Argilla Aubagne - La Cave et le Bistrot","description":"La Cave et le Bistrot vous accueille pour Argila Aubagne 2023. On vous attend dans notre cave \u00e0 vin et cave \u00e0 manger.","robots":{"index":"index","follow":"follow","max-snippet":"max-snippet:-1","max-image-preview":"max-image-preview:large","max-video-preview":"max-video-preview:-1"},"canonical":"https:\/\/lacaveetlebistrot.com\/index.php\/2023\/07\/19\/argila-aubagne\/","og_locale":"fr_FR","og_type":"article","og_title":"Argilla Aubagne - La Cave et le Bistrot","og_description":"La Cave et le Bistrot vous accueille pour Argila Aubagne 2023. On vous attend dans notre cave \u00e0 vin et cave \u00e0 manger.","og_url":"https:\/\/lacaveetlebistrot.com\/index.php\/2023\/07\/19\/argila-aubagne\/","og_site_name":"La Cave et le Bistrot","article_publisher":"https:\/\/www.facebook.com\/LaCaveetLeBistrot","article_published_time":"2023-07-19T15:20:20+00:00","article_modified_time":"2023-07-19T16:34:46+00:00","og_image":[{"width":980,"height":588,"url":"https:\/\/lacaveetlebistrot.com\/wp-content\/uploads\/2023\/07\/csm_argilla-7_87a70e5cbb-e1689780626887.jpg","type":"image\/jpeg"}],"author":"lacavedethierry","twitter_card":"summary_large_image","twitter_misc":{"\u00c9crit par":"lacavedethierry","Dur\u00e9e de lecture estim\u00e9e":"4 minutes"},"schema":{"@context":"https:\/\/schema.org","@graph":[{"@type":"Article","@id":"https:\/\/lacaveetlebistrot.com\/index.php\/2023\/07\/19\/argila-aubagne\/#article","isPartOf":{"@id":"https:\/\/lacaveetlebistrot.com\/index.php\/2023\/07\/19\/argila-aubagne\/"},"author":{"name":"lacavedethierry","@id":"https:\/\/lacaveetlebistrot.com\/#\/schema\/person\/ae9d594f71c9aaee402752517006c63c"},"headline":"Argilla Aubagne","datePublished":"2023-07-19T15:20:20+00:00","dateModified":"2023-07-19T16:34:46+00:00","mainEntityOfPage":{"@id":"https:\/\/lacaveetlebistrot.com\/index.php\/2023\/07\/19\/argila-aubagne\/"},"wordCount":362,"commentCount":0,"publisher":{"@id":"https:\/\/lacaveetlebistrot.com\/#organization"},"image":{"@id":"https:\/\/lacaveetlebistrot.com\/index.php\/2023\/07\/19\/argila-aubagne\/#primaryimage"},"thumbnailUrl":"https:\/\/i0.wp.com\/lacaveetlebistrot.com\/wp-content\/uploads\/2023\/07\/csm_argilla-7_87a70e5cbb-e1689780626887.jpg?fit=980%2C588&ssl=1","articleSection":["Epicerie fine et Ap\u00e9ro","La cave \u00e0 vin","Le bistrot"],"inLanguage":"fr-FR","potentialAction":[{"@type":"CommentAction","name":"Comment","target":["https:\/\/lacaveetlebistrot.com\/index.php\/2023\/07\/19\/argila-aubagne\/#respond"]}]},{"@type":"WebPage","@id":"https:\/\/lacaveetlebistrot.com\/index.php\/2023\/07\/19\/argila-aubagne\/","url":"https:\/\/lacaveetlebistrot.com\/index.php\/2023\/07\/19\/argila-aubagne\/","name":"Argilla Aubagne - La Cave et le Bistrot","isPartOf":{"@id":"https:\/\/lacaveetlebistrot.com\/#website"},"primaryImageOfPage":{"@id":"https:\/\/lacaveetlebistrot.com\/index.php\/2023\/07\/19\/argila-aubagne\/#primaryimage"},"image":{"@id":"https:\/\/lacaveetlebistrot.com\/index.php\/2023\/07\/19\/argila-aubagne\/#primaryimage"},"thumbnailUrl":"https:\/\/i0.wp.com\/lacaveetlebistrot.com\/wp-content\/uploads\/2023\/07\/csm_argilla-7_87a70e5cbb-e1689780626887.jpg?fit=980%2C588&ssl=1","datePublished":"2023-07-19T15:20:20+00:00","dateModified":"2023-07-19T16:34:46+00:00","description":"La Cave et le Bistrot vous accueille pour Argila Aubagne 2023. On vous attend dans notre cave \u00e0 vin et cave \u00e0 manger.","breadcrumb":{"@id":"https:\/\/lacaveetlebistrot.com\/index.php\/2023\/07\/19\/argila-aubagne\/#breadcrumb"},"inLanguage":"fr-FR","potentialAction":[{"@type":"ReadAction","target":["https:\/\/lacaveetlebistrot.com\/index.php\/2023\/07\/19\/argila-aubagne\/"]}]},{"@type":"ImageObject","inLanguage":"fr-FR","@id":"https:\/\/lacaveetlebistrot.com\/index.php\/2023\/07\/19\/argila-aubagne\/#primaryimage","url":"https:\/\/i0.wp.com\/lacaveetlebistrot.com\/wp-content\/uploads\/2023\/07\/csm_argilla-7_87a70e5cbb-e1689780626887.jpg?fit=980%2C588&ssl=1","contentUrl":"https:\/\/i0.wp.com\/lacaveetlebistrot.com\/wp-content\/uploads\/2023\/07\/csm_argilla-7_87a70e5cbb-e1689780626887.jpg?fit=980%2C588&ssl=1","width":980,"height":588},{"@type":"BreadcrumbList","@id":"https:\/\/lacaveetlebistrot.com\/index.php\/2023\/07\/19\/argila-aubagne\/#breadcrumb","itemListElement":[{"@type":"ListItem","position":1,"name":"Accueil","item":"https:\/\/lacaveetlebistrot.com\/"},{"@type":"ListItem","position":2,"name":"Argilla Aubagne"}]},{"@type":"WebSite","@id":"https:\/\/lacaveetlebistrot.com\/#website","url":"https:\/\/lacaveetlebistrot.com\/","name":"La Cave et le Bistrot","description":"La cave \u00e0 vin du centre ville d&#039;Aubagne","publisher":{"@id":"https:\/\/lacaveetlebistrot.com\/#organization"},"potentialAction":[{"@type":"SearchAction","target":{"@type":"EntryPoint","urlTemplate":"https:\/\/lacaveetlebistrot.com\/?s={search_term_string}"},"query-input":{"@type":"PropertyValueSpecification","valueRequired":true,"valueName":"search_term_string"}}],"inLanguage":"fr-FR"},{"@type":"Organization","@id":"https:\/\/lacaveetlebistrot.com\/#organization","name":"La Cave et le Bistrot","alternateName":"Cave \u00e0 vin Aubagne","url":"https:\/\/lacaveetlebistrot.com\/","logo":{"@type":"ImageObject","inLanguage":"fr-FR","@id":"https:\/\/lacaveetlebistrot.com\/#\/schema\/logo\/image\/","url":"https:\/\/i0.wp.com\/lacaveetlebistrot.com\/wp-content\/uploads\/2021\/12\/Logo-carre-e1642772598302.png?fit=548%2C572&ssl=1","contentUrl":"https:\/\/i0.wp.com\/lacaveetlebistrot.com\/wp-content\/uploads\/2021\/12\/Logo-carre-e1642772598302.png?fit=548%2C572&ssl=1","width":548,"height":572,"caption":"La Cave et le Bistrot"},"image":{"@id":"https:\/\/lacaveetlebistrot.com\/#\/schema\/logo\/image\/"},"sameAs":["https:\/\/www.facebook.com\/LaCaveetLeBistrot"]},{"@type":"Person","@id":"https:\/\/lacaveetlebistrot.com\/#\/schema\/person\/ae9d594f71c9aaee402752517006c63c","name":"lacavedethierry","image":{"@type":"ImageObject","inLanguage":"fr-FR","@id":"https:\/\/lacaveetlebistrot.com\/#\/schema\/person\/image\/","url":"https:\/\/secure.gravatar.com\/avatar\/b9ba061fa4bff1690b72a325be2f4336f8aaa5c5aa77fade48bd9dd8bd8be007?s=96&d=mm&r=g","contentUrl":"https:\/\/secure.gravatar.com\/avatar\/b9ba061fa4bff1690b72a325be2f4336f8aaa5c5aa77fade48bd9dd8bd8be007?s=96&d=mm&r=g","caption":"lacavedethierry"},"url":"https:\/\/lacaveetlebistrot.com\/index.php\/author\/lacavedethierry\/"}]}},"jetpack_featured_media_url":"https:\/\/i0.wp.com\/lacaveetlebistrot.com\/wp-content\/uploads\/2023\/07\/csm_argilla-7_87a70e5cbb-e1689780626887.jpg?fit=980%2C588&ssl=1","jetpack-related-posts":[],"jetpack_sharing_enabled":true,"_links":{"self":[{"href":"https:\/\/lacaveetlebistrot.com\/index.php\/wp-json\/wp\/v2\/posts\/2321","targetHints":{"allow":["GET"]}}],"collection":[{"href":"https:\/\/lacaveetlebistrot.com\/index.php\/wp-json\/wp\/v2\/posts"}],"about":[{"href":"https:\/\/lacaveetlebistrot.com\/index.php\/wp-json\/wp\/v2\/types\/post"}],"author":[{"embeddable":true,"href":"https:\/\/lacaveetlebistrot.com\/index.php\/wp-json\/wp\/v2\/users\/1"}],"replies":[{"embeddable":true,"href":"https:\/\/lacaveetlebistrot.com\/index.php\/wp-json\/wp\/v2\/comments?post=2321"}],"version-history":[{"count":10,"href":"https:\/\/lacaveetlebistrot.com\/index.php\/wp-json\/wp\/v2\/posts\/2321\/revisions"}],"predecessor-version":[{"id":2343,"href":"https:\/\/lacaveetlebistrot.com\/index.php\/wp-json\/wp\/v2\/posts\/2321\/revisions\/2343"}],"wp:featuredmedia":[{"embeddable":true,"href":"https:\/\/lacaveetlebistrot.com\/index.php\/wp-json\/wp\/v2\/media\/2340"}],"wp:attachment":[{"href":"https:\/\/lacaveetlebistrot.com\/index.php\/wp-json\/wp\/v2\/media?parent=2321"}],"wp:term":[{"taxonomy":"category","embeddable":true,"href":"https:\/\/lacaveetlebistrot.com\/index.php\/wp-json\/wp\/v2\/categories?post=2321"},{"taxonomy":"post_tag","embeddable":true,"href":"https:\/\/lacaveetlebistrot.com\/index.php\/wp-json\/wp\/v2\/tags?post=2321"}],"curies":[{"name":"wp","href":"https:\/\/api.w.org\/{rel}","templated":true}]}}