{"id":2226,"date":"2023-05-24T15:00:06","date_gmt":"2023-05-24T13:00:06","guid":{"rendered":"https:\/\/lacaveetlebistrot.com\/?p=2226"},"modified":"2023-05-24T19:06:18","modified_gmt":"2023-05-24T17:06:18","slug":"lepicerie-fine-daubagne-setoffe","status":"publish","type":"post","link":"https:\/\/lacaveetlebistrot.com\/index.php\/2023\/05\/24\/lepicerie-fine-daubagne-setoffe\/","title":{"rendered":"L&rsquo;\u00e9picerie fine d&rsquo;Aubagne s&rsquo;\u00e9toffe."},"content":{"rendered":"<h1 style=\"text-align: center;\">L&rsquo;\u00e9picerie fine du centre d&rsquo;Aubagne s&rsquo;\u00e9toffe avec la maison Craquelin.<\/h1>\n<p><img data-recalc-dims=\"1\" loading=\"lazy\" decoding=\"async\" class=\"size-medium wp-image-2228 aligncenter\" src=\"https:\/\/i0.wp.com\/lacaveetlebistrot.com\/wp-content\/uploads\/2023\/05\/telechargement.png?resize=300%2C88&#038;ssl=1\" alt=\"\" width=\"300\" height=\"88\" srcset=\"https:\/\/i0.wp.com\/lacaveetlebistrot.com\/wp-content\/uploads\/2023\/05\/telechargement.png?resize=300%2C88&amp;ssl=1 300w, https:\/\/i0.wp.com\/lacaveetlebistrot.com\/wp-content\/uploads\/2023\/05\/telechargement.png?resize=200%2C59&amp;ssl=1 200w, https:\/\/i0.wp.com\/lacaveetlebistrot.com\/wp-content\/uploads\/2023\/05\/telechargement.png?w=414&amp;ssl=1 414w\" sizes=\"auto, (max-width: 300px) 100vw, 300px\" \/><\/p>\n<h3 style=\"text-align: center;\">De la gourmandise \u00e0 la Cave et le Bistrot\u2026 Les biscuits de la Maison Craquelin d\u00e9barquent dans votre cave \u00e0 vin !<\/h3>\n<p style=\"text-align: center;\">L&rsquo;\u00e9picerie fine d&rsquo;Aubagne en face la gare \u00e0 le plaisir de r\u00e9f\u00e9rencer la Biscuiterie Proven\u00e7ale. Implant\u00e9e \u00e0 la Ciotat entre Collines et Calanques, Maison Craquelin s\u2019inspire chaque jour de son environnement pour confectionner ses biscuits.<\/p>\n<p style=\"text-align: center;\">Du p\u00e9trissage au fa\u00e7onnage jusqu\u2019\u00e0 la cuisson, les biscuits Maison Craquelin sont 100% artisanaux.<\/p>\n<p style=\"text-align: center;\">Les ingr\u00e9dients s\u00e9lectionn\u00e9s principalement sur le territoire Fran\u00e7ais garantissent une qualit\u00e9 optimale et un go\u00fbt unique \u00e0 ces petites cr\u00e9ations.<\/p>\n<p style=\"text-align: center;\">Vous retrouverez ainsi l\u2019incontournable navette Marseillaise parfaitement dos\u00e9e\u00a0; les biscuits \u00e0 l\u2019orange qui laissent sur la langue leur zeste color\u00e9\u00a0; les palets figue, un biscuit qui sent bon l\u2019\u00e9t\u00e9 en Provence\u00a0; Les Incontournables idoles des enfants et des parents les cookies aux p\u00e9pites de chocolat.<\/p>\n<p style=\"text-align: center;\">Sans oublier les sabl\u00e9s Citron-pavot, Juste \u00e9quilibre d\u2019acidit\u00e9 et d\u2019amertume, apportent leur grain d\u2019originalit\u00e9 qui ont gagn\u00e9 la m\u00e9daille d\u2019argent au c\u00e9l\u00e8bre prix \u00c9picure de l\u2019\u00e9picerie fine\u00a0!<\/p>\n<p style=\"text-align: center;\">Venez les d\u00e9guster autour de notre caf\u00e9 gourmand, ou repartez avec votre paquet, je vous l\u2019assure vous n\u2019en laisserez pas une miette\u00a0!!!<\/p>\n<p><img data-recalc-dims=\"1\" loading=\"lazy\" decoding=\"async\" class=\"aligncenter wp-image-2229 size-medium\" src=\"https:\/\/i0.wp.com\/lacaveetlebistrot.com\/wp-content\/uploads\/2023\/05\/20230524_144709-01-scaled-e1684933044303-225x300.jpeg?resize=225%2C300&#038;ssl=1\" alt=\"les biscuits de la maison Craquelin dans l'\u00e9picerie fine \u00e0 Aubagne (dans la cave \u00e0 vin) \" width=\"225\" height=\"300\" srcset=\"https:\/\/i0.wp.com\/lacaveetlebistrot.com\/wp-content\/uploads\/2023\/05\/20230524_144709-01-scaled-e1684933044303.jpeg?resize=225%2C300&amp;ssl=1 225w, https:\/\/i0.wp.com\/lacaveetlebistrot.com\/wp-content\/uploads\/2023\/05\/20230524_144709-01-scaled-e1684933044303.jpeg?resize=768%2C1024&amp;ssl=1 768w, https:\/\/i0.wp.com\/lacaveetlebistrot.com\/wp-content\/uploads\/2023\/05\/20230524_144709-01-scaled-e1684933044303.jpeg?resize=150%2C200&amp;ssl=1 150w, https:\/\/i0.wp.com\/lacaveetlebistrot.com\/wp-content\/uploads\/2023\/05\/20230524_144709-01-scaled-e1684933044303.jpeg?resize=810%2C1080&amp;ssl=1 810w, https:\/\/i0.wp.com\/lacaveetlebistrot.com\/wp-content\/uploads\/2023\/05\/20230524_144709-01-scaled-e1684933044303.jpeg?resize=600%2C800&amp;ssl=1 600w, https:\/\/i0.wp.com\/lacaveetlebistrot.com\/wp-content\/uploads\/2023\/05\/20230524_144709-01-scaled-e1684933044303.jpeg?w=960&amp;ssl=1 960w\" sizes=\"auto, (max-width: 225px) 100vw, 225px\" \/><\/p>\n<p><img data-recalc-dims=\"1\" loading=\"lazy\" decoding=\"async\" class=\"size-medium wp-image-2230 aligncenter\" src=\"https:\/\/i0.wp.com\/lacaveetlebistrot.com\/wp-content\/uploads\/2023\/05\/12695513_2022-03-16T08324011300012887952-e1684933090511-300x300.jpg?resize=300%2C300&#038;ssl=1\" alt=\"\" width=\"300\" height=\"300\" srcset=\"https:\/\/i0.wp.com\/lacaveetlebistrot.com\/wp-content\/uploads\/2023\/05\/12695513_2022-03-16T08324011300012887952-e1684933090511.jpg?resize=300%2C300&amp;ssl=1 300w, https:\/\/i0.wp.com\/lacaveetlebistrot.com\/wp-content\/uploads\/2023\/05\/12695513_2022-03-16T08324011300012887952-e1684933090511.jpg?resize=150%2C150&amp;ssl=1 150w, https:\/\/i0.wp.com\/lacaveetlebistrot.com\/wp-content\/uploads\/2023\/05\/12695513_2022-03-16T08324011300012887952-e1684933090511.jpg?resize=768%2C768&amp;ssl=1 768w, https:\/\/i0.wp.com\/lacaveetlebistrot.com\/wp-content\/uploads\/2023\/05\/12695513_2022-03-16T08324011300012887952-e1684933090511.jpg?resize=200%2C200&amp;ssl=1 200w, https:\/\/i0.wp.com\/lacaveetlebistrot.com\/wp-content\/uploads\/2023\/05\/12695513_2022-03-16T08324011300012887952-e1684933090511.jpg?resize=600%2C600&amp;ssl=1 600w, https:\/\/i0.wp.com\/lacaveetlebistrot.com\/wp-content\/uploads\/2023\/05\/12695513_2022-03-16T08324011300012887952-e1684933090511.jpg?resize=100%2C100&amp;ssl=1 100w, https:\/\/i0.wp.com\/lacaveetlebistrot.com\/wp-content\/uploads\/2023\/05\/12695513_2022-03-16T08324011300012887952-e1684933090511.jpg?w=960&amp;ssl=1 960w\" sizes=\"auto, (max-width: 300px) 100vw, 300px\" \/><\/p>\n<p><img data-recalc-dims=\"1\" loading=\"lazy\" decoding=\"async\" class=\"size-medium wp-image-2231 aligncenter\" src=\"https:\/\/i0.wp.com\/lacaveetlebistrot.com\/wp-content\/uploads\/2023\/05\/NavettesFleurd_Oranger200g-MaisonCraquelinambiance_1200x1200-e1684933121267-300x300.webp?resize=300%2C300&#038;ssl=1\" alt=\"\" width=\"300\" height=\"300\" srcset=\"https:\/\/i0.wp.com\/lacaveetlebistrot.com\/wp-content\/uploads\/2023\/05\/NavettesFleurd_Oranger200g-MaisonCraquelinambiance_1200x1200-e1684933121267.webp?resize=300%2C300&amp;ssl=1 300w, https:\/\/i0.wp.com\/lacaveetlebistrot.com\/wp-content\/uploads\/2023\/05\/NavettesFleurd_Oranger200g-MaisonCraquelinambiance_1200x1200-e1684933121267.webp?resize=150%2C150&amp;ssl=1 150w, https:\/\/i0.wp.com\/lacaveetlebistrot.com\/wp-content\/uploads\/2023\/05\/NavettesFleurd_Oranger200g-MaisonCraquelinambiance_1200x1200-e1684933121267.webp?resize=768%2C768&amp;ssl=1 768w, https:\/\/i0.wp.com\/lacaveetlebistrot.com\/wp-content\/uploads\/2023\/05\/NavettesFleurd_Oranger200g-MaisonCraquelinambiance_1200x1200-e1684933121267.webp?resize=200%2C200&amp;ssl=1 200w, https:\/\/i0.wp.com\/lacaveetlebistrot.com\/wp-content\/uploads\/2023\/05\/NavettesFleurd_Oranger200g-MaisonCraquelinambiance_1200x1200-e1684933121267.webp?resize=600%2C600&amp;ssl=1 600w, https:\/\/i0.wp.com\/lacaveetlebistrot.com\/wp-content\/uploads\/2023\/05\/NavettesFleurd_Oranger200g-MaisonCraquelinambiance_1200x1200-e1684933121267.webp?resize=100%2C100&amp;ssl=1 100w, https:\/\/i0.wp.com\/lacaveetlebistrot.com\/wp-content\/uploads\/2023\/05\/NavettesFleurd_Oranger200g-MaisonCraquelinambiance_1200x1200-e1684933121267.webp?w=960&amp;ssl=1 960w\" sizes=\"auto, (max-width: 300px) 100vw, 300px\" \/><\/p>\n<h3 style=\"text-align: center;\">La Cave et le Bistrot votre adresse pour l&rsquo;\u00e9picerie fine locale et artisanale.<\/h3>\n<p style=\"text-align: center;\">Retrouvez les produits locaux de la maison Timon et Sourrieu, les tartinables Antaou et les terrines Darvaux. On vous propose aussi les huiles d&rsquo;olive de la maison Moulin Saint Michel de la vall\u00e9e des Baux de Provence.<\/p>\n<h3 style=\"text-align: center;\">L&rsquo;\u00e9picerie fine \u00e0 la Cave et le Bistrot, c&rsquo;est des produits choisis et s\u00e9lectionn\u00e9s par nos cavistes et pour votre plus grand plaisir.<\/h3>\n<p style=\"text-align: center;\">Venez nous visiter et vous serez surpris par la quantit\u00e9 de merveilles que vous pourrez trouver sur nos rayons. Vous pourrez m\u00eame en gouter certains si vous venez d\u00e9jeuner.<br \/>\nLa cave et le bistrot c&rsquo;est aussi une cave \u00e0 manger.<\/p>\n<h3 style=\"text-align: center;\"><a href=\"https:\/\/module.lafourchette.com\/fr_FR\/module\/724420-67c36?origin=facebook&amp;utm_medium=integration&amp;utm_source=facebook&amp;fbclid=IwAR2tYypmvRakL4CAi2bTiVNuIQtYqsB6_63u0TrGmfzRmlmI3ZnnTvKfH2o\" target=\"_blank\" rel=\"noopener\">Pour r\u00e9server une table<\/a><\/h3>\n<h3 style=\"text-align: center;\"><a href=\"https:\/\/lacaveetlebistrot.com\/index.php\/contact\/\" target=\"_blank\" rel=\"noopener\">Pour nous contacter\u00a0<\/a><\/h3>\n<h3 style=\"text-align: center;\"><a href=\"https:\/\/www.facebook.com\/LaCaveetLeBistrot\/\" target=\"_blank\" rel=\"noopener\">Notre facebook<\/a><\/h3>\n","protected":false},"excerpt":{"rendered":"<p>L&rsquo;\u00e9picerie fine du centre d&rsquo;Aubagne s&rsquo;\u00e9toffe avec la maison Craquelin. De la gourmandise \u00e0 la Cave et le Bistrot\u2026 Les biscuits de la Maison Craquelin d\u00e9barquent dans votre cave \u00e0 vin ! L&rsquo;\u00e9picerie fine d&rsquo;Aubagne en face la gare \u00e0 le plaisir de r\u00e9f\u00e9rencer la Biscuiterie Proven\u00e7ale. Implant\u00e9e \u00e0 la Ciotat entre Collines et Calanques,&hellip; <br \/> <a class=\"read-more\" href=\"https:\/\/lacaveetlebistrot.com\/index.php\/2023\/05\/24\/lepicerie-fine-daubagne-setoffe\/\">Lire la suite<\/a><\/p>\n","protected":false},"author":1,"featured_media":2229,"comment_status":"open","ping_status":"open","sticky":false,"template":"","format":"standard","meta":{"_jetpack_memberships_contains_paid_content":false,"footnotes":""},"categories":[55],"tags":[],"class_list":["post-2226","post","type-post","status-publish","format-standard","has-post-thumbnail","hentry","category-epicerie-fine-et-apero"],"yoast_head":"<!-- This site is optimized with the Yoast SEO plugin v26.3 - https:\/\/yoast.com\/wordpress\/plugins\/seo\/ -->\n<title>L&#039;\u00e9picerie fine d&#039;Aubagne s&#039;\u00e9toffe. - La Cave et le Bistrot<\/title>\n<meta name=\"description\" content=\"L&#039;\u00e9picerie fine d&#039;Aubagne \u00e0 le plaisir d&#039;accueillir un laur\u00e9at du c\u00e9l\u00e8bre concours Epicure. Retrouvez-les face \u00e0 la gare au 8Av Jeanne d&#039;arc.\" \/>\n<meta name=\"robots\" content=\"index, follow, max-snippet:-1, max-image-preview:large, max-video-preview:-1\" \/>\n<link rel=\"canonical\" href=\"https:\/\/lacaveetlebistrot.com\/index.php\/2023\/05\/24\/lepicerie-fine-daubagne-setoffe\/\" \/>\n<meta property=\"og:locale\" content=\"fr_FR\" \/>\n<meta property=\"og:type\" content=\"article\" \/>\n<meta property=\"og:title\" content=\"L&#039;\u00e9picerie fine d&#039;Aubagne s&#039;\u00e9toffe. - La Cave et le Bistrot\" \/>\n<meta property=\"og:description\" content=\"L&#039;\u00e9picerie fine d&#039;Aubagne \u00e0 le plaisir d&#039;accueillir un laur\u00e9at du c\u00e9l\u00e8bre concours Epicure. Retrouvez-les face \u00e0 la gare au 8Av Jeanne d&#039;arc.\" \/>\n<meta property=\"og:url\" content=\"https:\/\/lacaveetlebistrot.com\/index.php\/2023\/05\/24\/lepicerie-fine-daubagne-setoffe\/\" \/>\n<meta property=\"og:site_name\" content=\"La Cave et le Bistrot\" \/>\n<meta property=\"article:publisher\" content=\"https:\/\/www.facebook.com\/LaCaveetLeBistrot\" \/>\n<meta property=\"article:published_time\" content=\"2023-05-24T13:00:06+00:00\" \/>\n<meta property=\"article:modified_time\" content=\"2023-05-24T17:06:18+00:00\" \/>\n<meta property=\"og:image\" content=\"https:\/\/i0.wp.com\/lacaveetlebistrot.com\/wp-content\/uploads\/2023\/05\/20230524_144709-01-scaled-e1684933044303.jpeg?fit=960%2C1280&ssl=1\" \/>\n\t<meta property=\"og:image:width\" content=\"960\" \/>\n\t<meta property=\"og:image:height\" content=\"1280\" \/>\n\t<meta property=\"og:image:type\" content=\"image\/jpeg\" \/>\n<meta name=\"author\" content=\"lacavedethierry\" \/>\n<meta name=\"twitter:card\" content=\"summary_large_image\" \/>\n<meta name=\"twitter:label1\" content=\"\u00c9crit par\" \/>\n\t<meta name=\"twitter:data1\" content=\"lacavedethierry\" \/>\n\t<meta name=\"twitter:label2\" content=\"Dur\u00e9e de lecture estim\u00e9e\" \/>\n\t<meta name=\"twitter:data2\" content=\"3 minutes\" \/>\n<script type=\"application\/ld+json\" class=\"yoast-schema-graph\">{\"@context\":\"https:\/\/schema.org\",\"@graph\":[{\"@type\":\"Article\",\"@id\":\"https:\/\/lacaveetlebistrot.com\/index.php\/2023\/05\/24\/lepicerie-fine-daubagne-setoffe\/#article\",\"isPartOf\":{\"@id\":\"https:\/\/lacaveetlebistrot.com\/index.php\/2023\/05\/24\/lepicerie-fine-daubagne-setoffe\/\"},\"author\":{\"name\":\"lacavedethierry\",\"@id\":\"https:\/\/lacaveetlebistrot.com\/#\/schema\/person\/ae9d594f71c9aaee402752517006c63c\"},\"headline\":\"L&rsquo;\u00e9picerie fine d&rsquo;Aubagne s&rsquo;\u00e9toffe.\",\"datePublished\":\"2023-05-24T13:00:06+00:00\",\"dateModified\":\"2023-05-24T17:06:18+00:00\",\"mainEntityOfPage\":{\"@id\":\"https:\/\/lacaveetlebistrot.com\/index.php\/2023\/05\/24\/lepicerie-fine-daubagne-setoffe\/\"},\"wordCount\":355,\"commentCount\":0,\"publisher\":{\"@id\":\"https:\/\/lacaveetlebistrot.com\/#organization\"},\"image\":{\"@id\":\"https:\/\/lacaveetlebistrot.com\/index.php\/2023\/05\/24\/lepicerie-fine-daubagne-setoffe\/#primaryimage\"},\"thumbnailUrl\":\"https:\/\/i0.wp.com\/lacaveetlebistrot.com\/wp-content\/uploads\/2023\/05\/20230524_144709-01-scaled-e1684933044303.jpeg?fit=960%2C1280&ssl=1\",\"articleSection\":[\"Epicerie fine et Ap\u00e9ro\"],\"inLanguage\":\"fr-FR\",\"potentialAction\":[{\"@type\":\"CommentAction\",\"name\":\"Comment\",\"target\":[\"https:\/\/lacaveetlebistrot.com\/index.php\/2023\/05\/24\/lepicerie-fine-daubagne-setoffe\/#respond\"]}]},{\"@type\":\"WebPage\",\"@id\":\"https:\/\/lacaveetlebistrot.com\/index.php\/2023\/05\/24\/lepicerie-fine-daubagne-setoffe\/\",\"url\":\"https:\/\/lacaveetlebistrot.com\/index.php\/2023\/05\/24\/lepicerie-fine-daubagne-setoffe\/\",\"name\":\"L'\u00e9picerie fine d'Aubagne s'\u00e9toffe. - La Cave et le Bistrot\",\"isPartOf\":{\"@id\":\"https:\/\/lacaveetlebistrot.com\/#website\"},\"primaryImageOfPage\":{\"@id\":\"https:\/\/lacaveetlebistrot.com\/index.php\/2023\/05\/24\/lepicerie-fine-daubagne-setoffe\/#primaryimage\"},\"image\":{\"@id\":\"https:\/\/lacaveetlebistrot.com\/index.php\/2023\/05\/24\/lepicerie-fine-daubagne-setoffe\/#primaryimage\"},\"thumbnailUrl\":\"https:\/\/i0.wp.com\/lacaveetlebistrot.com\/wp-content\/uploads\/2023\/05\/20230524_144709-01-scaled-e1684933044303.jpeg?fit=960%2C1280&ssl=1\",\"datePublished\":\"2023-05-24T13:00:06+00:00\",\"dateModified\":\"2023-05-24T17:06:18+00:00\",\"description\":\"L'\u00e9picerie fine d'Aubagne \u00e0 le plaisir d'accueillir un laur\u00e9at du c\u00e9l\u00e8bre concours Epicure. Retrouvez-les face \u00e0 la gare au 8Av Jeanne d'arc.\",\"breadcrumb\":{\"@id\":\"https:\/\/lacaveetlebistrot.com\/index.php\/2023\/05\/24\/lepicerie-fine-daubagne-setoffe\/#breadcrumb\"},\"inLanguage\":\"fr-FR\",\"potentialAction\":[{\"@type\":\"ReadAction\",\"target\":[\"https:\/\/lacaveetlebistrot.com\/index.php\/2023\/05\/24\/lepicerie-fine-daubagne-setoffe\/\"]}]},{\"@type\":\"ImageObject\",\"inLanguage\":\"fr-FR\",\"@id\":\"https:\/\/lacaveetlebistrot.com\/index.php\/2023\/05\/24\/lepicerie-fine-daubagne-setoffe\/#primaryimage\",\"url\":\"https:\/\/i0.wp.com\/lacaveetlebistrot.com\/wp-content\/uploads\/2023\/05\/20230524_144709-01-scaled-e1684933044303.jpeg?fit=960%2C1280&ssl=1\",\"contentUrl\":\"https:\/\/i0.wp.com\/lacaveetlebistrot.com\/wp-content\/uploads\/2023\/05\/20230524_144709-01-scaled-e1684933044303.jpeg?fit=960%2C1280&ssl=1\",\"width\":960,\"height\":1280},{\"@type\":\"BreadcrumbList\",\"@id\":\"https:\/\/lacaveetlebistrot.com\/index.php\/2023\/05\/24\/lepicerie-fine-daubagne-setoffe\/#breadcrumb\",\"itemListElement\":[{\"@type\":\"ListItem\",\"position\":1,\"name\":\"Accueil\",\"item\":\"https:\/\/lacaveetlebistrot.com\/\"},{\"@type\":\"ListItem\",\"position\":2,\"name\":\"L&#8217;\u00e9picerie fine d&#8217;Aubagne s&#8217;\u00e9toffe.\"}]},{\"@type\":\"WebSite\",\"@id\":\"https:\/\/lacaveetlebistrot.com\/#website\",\"url\":\"https:\/\/lacaveetlebistrot.com\/\",\"name\":\"La Cave et le Bistrot\",\"description\":\"La cave \u00e0 vin du centre ville d&#039;Aubagne\",\"publisher\":{\"@id\":\"https:\/\/lacaveetlebistrot.com\/#organization\"},\"potentialAction\":[{\"@type\":\"SearchAction\",\"target\":{\"@type\":\"EntryPoint\",\"urlTemplate\":\"https:\/\/lacaveetlebistrot.com\/?s={search_term_string}\"},\"query-input\":{\"@type\":\"PropertyValueSpecification\",\"valueRequired\":true,\"valueName\":\"search_term_string\"}}],\"inLanguage\":\"fr-FR\"},{\"@type\":\"Organization\",\"@id\":\"https:\/\/lacaveetlebistrot.com\/#organization\",\"name\":\"La Cave et le Bistrot\",\"alternateName\":\"Cave \u00e0 vin Aubagne\",\"url\":\"https:\/\/lacaveetlebistrot.com\/\",\"logo\":{\"@type\":\"ImageObject\",\"inLanguage\":\"fr-FR\",\"@id\":\"https:\/\/lacaveetlebistrot.com\/#\/schema\/logo\/image\/\",\"url\":\"https:\/\/i0.wp.com\/lacaveetlebistrot.com\/wp-content\/uploads\/2021\/12\/Logo-carre-e1642772598302.png?fit=548%2C572&ssl=1\",\"contentUrl\":\"https:\/\/i0.wp.com\/lacaveetlebistrot.com\/wp-content\/uploads\/2021\/12\/Logo-carre-e1642772598302.png?fit=548%2C572&ssl=1\",\"width\":548,\"height\":572,\"caption\":\"La Cave et le Bistrot\"},\"image\":{\"@id\":\"https:\/\/lacaveetlebistrot.com\/#\/schema\/logo\/image\/\"},\"sameAs\":[\"https:\/\/www.facebook.com\/LaCaveetLeBistrot\"]},{\"@type\":\"Person\",\"@id\":\"https:\/\/lacaveetlebistrot.com\/#\/schema\/person\/ae9d594f71c9aaee402752517006c63c\",\"name\":\"lacavedethierry\",\"image\":{\"@type\":\"ImageObject\",\"inLanguage\":\"fr-FR\",\"@id\":\"https:\/\/lacaveetlebistrot.com\/#\/schema\/person\/image\/\",\"url\":\"https:\/\/secure.gravatar.com\/avatar\/b9ba061fa4bff1690b72a325be2f4336f8aaa5c5aa77fade48bd9dd8bd8be007?s=96&d=mm&r=g\",\"contentUrl\":\"https:\/\/secure.gravatar.com\/avatar\/b9ba061fa4bff1690b72a325be2f4336f8aaa5c5aa77fade48bd9dd8bd8be007?s=96&d=mm&r=g\",\"caption\":\"lacavedethierry\"},\"url\":\"https:\/\/lacaveetlebistrot.com\/index.php\/author\/lacavedethierry\/\"}]}<\/script>\n<!-- \/ Yoast SEO plugin. -->","yoast_head_json":{"title":"L'\u00e9picerie fine d'Aubagne s'\u00e9toffe. - La Cave et le Bistrot","description":"L'\u00e9picerie fine d'Aubagne \u00e0 le plaisir d'accueillir un laur\u00e9at du c\u00e9l\u00e8bre concours Epicure. Retrouvez-les face \u00e0 la gare au 8Av Jeanne d'arc.","robots":{"index":"index","follow":"follow","max-snippet":"max-snippet:-1","max-image-preview":"max-image-preview:large","max-video-preview":"max-video-preview:-1"},"canonical":"https:\/\/lacaveetlebistrot.com\/index.php\/2023\/05\/24\/lepicerie-fine-daubagne-setoffe\/","og_locale":"fr_FR","og_type":"article","og_title":"L'\u00e9picerie fine d'Aubagne s'\u00e9toffe. - La Cave et le Bistrot","og_description":"L'\u00e9picerie fine d'Aubagne \u00e0 le plaisir d'accueillir un laur\u00e9at du c\u00e9l\u00e8bre concours Epicure. Retrouvez-les face \u00e0 la gare au 8Av Jeanne d'arc.","og_url":"https:\/\/lacaveetlebistrot.com\/index.php\/2023\/05\/24\/lepicerie-fine-daubagne-setoffe\/","og_site_name":"La Cave et le Bistrot","article_publisher":"https:\/\/www.facebook.com\/LaCaveetLeBistrot","article_published_time":"2023-05-24T13:00:06+00:00","article_modified_time":"2023-05-24T17:06:18+00:00","og_image":[{"width":960,"height":1280,"url":"https:\/\/i0.wp.com\/lacaveetlebistrot.com\/wp-content\/uploads\/2023\/05\/20230524_144709-01-scaled-e1684933044303.jpeg?fit=960%2C1280&ssl=1","type":"image\/jpeg"}],"author":"lacavedethierry","twitter_card":"summary_large_image","twitter_misc":{"\u00c9crit par":"lacavedethierry","Dur\u00e9e de lecture estim\u00e9e":"3 minutes"},"schema":{"@context":"https:\/\/schema.org","@graph":[{"@type":"Article","@id":"https:\/\/lacaveetlebistrot.com\/index.php\/2023\/05\/24\/lepicerie-fine-daubagne-setoffe\/#article","isPartOf":{"@id":"https:\/\/lacaveetlebistrot.com\/index.php\/2023\/05\/24\/lepicerie-fine-daubagne-setoffe\/"},"author":{"name":"lacavedethierry","@id":"https:\/\/lacaveetlebistrot.com\/#\/schema\/person\/ae9d594f71c9aaee402752517006c63c"},"headline":"L&rsquo;\u00e9picerie fine d&rsquo;Aubagne s&rsquo;\u00e9toffe.","datePublished":"2023-05-24T13:00:06+00:00","dateModified":"2023-05-24T17:06:18+00:00","mainEntityOfPage":{"@id":"https:\/\/lacaveetlebistrot.com\/index.php\/2023\/05\/24\/lepicerie-fine-daubagne-setoffe\/"},"wordCount":355,"commentCount":0,"publisher":{"@id":"https:\/\/lacaveetlebistrot.com\/#organization"},"image":{"@id":"https:\/\/lacaveetlebistrot.com\/index.php\/2023\/05\/24\/lepicerie-fine-daubagne-setoffe\/#primaryimage"},"thumbnailUrl":"https:\/\/i0.wp.com\/lacaveetlebistrot.com\/wp-content\/uploads\/2023\/05\/20230524_144709-01-scaled-e1684933044303.jpeg?fit=960%2C1280&ssl=1","articleSection":["Epicerie fine et Ap\u00e9ro"],"inLanguage":"fr-FR","potentialAction":[{"@type":"CommentAction","name":"Comment","target":["https:\/\/lacaveetlebistrot.com\/index.php\/2023\/05\/24\/lepicerie-fine-daubagne-setoffe\/#respond"]}]},{"@type":"WebPage","@id":"https:\/\/lacaveetlebistrot.com\/index.php\/2023\/05\/24\/lepicerie-fine-daubagne-setoffe\/","url":"https:\/\/lacaveetlebistrot.com\/index.php\/2023\/05\/24\/lepicerie-fine-daubagne-setoffe\/","name":"L'\u00e9picerie fine d'Aubagne s'\u00e9toffe. - La Cave et le Bistrot","isPartOf":{"@id":"https:\/\/lacaveetlebistrot.com\/#website"},"primaryImageOfPage":{"@id":"https:\/\/lacaveetlebistrot.com\/index.php\/2023\/05\/24\/lepicerie-fine-daubagne-setoffe\/#primaryimage"},"image":{"@id":"https:\/\/lacaveetlebistrot.com\/index.php\/2023\/05\/24\/lepicerie-fine-daubagne-setoffe\/#primaryimage"},"thumbnailUrl":"https:\/\/i0.wp.com\/lacaveetlebistrot.com\/wp-content\/uploads\/2023\/05\/20230524_144709-01-scaled-e1684933044303.jpeg?fit=960%2C1280&ssl=1","datePublished":"2023-05-24T13:00:06+00:00","dateModified":"2023-05-24T17:06:18+00:00","description":"L'\u00e9picerie fine d'Aubagne \u00e0 le plaisir d'accueillir un laur\u00e9at du c\u00e9l\u00e8bre concours Epicure. Retrouvez-les face \u00e0 la gare au 8Av Jeanne d'arc.","breadcrumb":{"@id":"https:\/\/lacaveetlebistrot.com\/index.php\/2023\/05\/24\/lepicerie-fine-daubagne-setoffe\/#breadcrumb"},"inLanguage":"fr-FR","potentialAction":[{"@type":"ReadAction","target":["https:\/\/lacaveetlebistrot.com\/index.php\/2023\/05\/24\/lepicerie-fine-daubagne-setoffe\/"]}]},{"@type":"ImageObject","inLanguage":"fr-FR","@id":"https:\/\/lacaveetlebistrot.com\/index.php\/2023\/05\/24\/lepicerie-fine-daubagne-setoffe\/#primaryimage","url":"https:\/\/i0.wp.com\/lacaveetlebistrot.com\/wp-content\/uploads\/2023\/05\/20230524_144709-01-scaled-e1684933044303.jpeg?fit=960%2C1280&ssl=1","contentUrl":"https:\/\/i0.wp.com\/lacaveetlebistrot.com\/wp-content\/uploads\/2023\/05\/20230524_144709-01-scaled-e1684933044303.jpeg?fit=960%2C1280&ssl=1","width":960,"height":1280},{"@type":"BreadcrumbList","@id":"https:\/\/lacaveetlebistrot.com\/index.php\/2023\/05\/24\/lepicerie-fine-daubagne-setoffe\/#breadcrumb","itemListElement":[{"@type":"ListItem","position":1,"name":"Accueil","item":"https:\/\/lacaveetlebistrot.com\/"},{"@type":"ListItem","position":2,"name":"L&#8217;\u00e9picerie fine d&#8217;Aubagne s&#8217;\u00e9toffe."}]},{"@type":"WebSite","@id":"https:\/\/lacaveetlebistrot.com\/#website","url":"https:\/\/lacaveetlebistrot.com\/","name":"La Cave et le Bistrot","description":"La cave \u00e0 vin du centre ville d&#039;Aubagne","publisher":{"@id":"https:\/\/lacaveetlebistrot.com\/#organization"},"potentialAction":[{"@type":"SearchAction","target":{"@type":"EntryPoint","urlTemplate":"https:\/\/lacaveetlebistrot.com\/?s={search_term_string}"},"query-input":{"@type":"PropertyValueSpecification","valueRequired":true,"valueName":"search_term_string"}}],"inLanguage":"fr-FR"},{"@type":"Organization","@id":"https:\/\/lacaveetlebistrot.com\/#organization","name":"La Cave et le Bistrot","alternateName":"Cave \u00e0 vin Aubagne","url":"https:\/\/lacaveetlebistrot.com\/","logo":{"@type":"ImageObject","inLanguage":"fr-FR","@id":"https:\/\/lacaveetlebistrot.com\/#\/schema\/logo\/image\/","url":"https:\/\/i0.wp.com\/lacaveetlebistrot.com\/wp-content\/uploads\/2021\/12\/Logo-carre-e1642772598302.png?fit=548%2C572&ssl=1","contentUrl":"https:\/\/i0.wp.com\/lacaveetlebistrot.com\/wp-content\/uploads\/2021\/12\/Logo-carre-e1642772598302.png?fit=548%2C572&ssl=1","width":548,"height":572,"caption":"La Cave et le Bistrot"},"image":{"@id":"https:\/\/lacaveetlebistrot.com\/#\/schema\/logo\/image\/"},"sameAs":["https:\/\/www.facebook.com\/LaCaveetLeBistrot"]},{"@type":"Person","@id":"https:\/\/lacaveetlebistrot.com\/#\/schema\/person\/ae9d594f71c9aaee402752517006c63c","name":"lacavedethierry","image":{"@type":"ImageObject","inLanguage":"fr-FR","@id":"https:\/\/lacaveetlebistrot.com\/#\/schema\/person\/image\/","url":"https:\/\/secure.gravatar.com\/avatar\/b9ba061fa4bff1690b72a325be2f4336f8aaa5c5aa77fade48bd9dd8bd8be007?s=96&d=mm&r=g","contentUrl":"https:\/\/secure.gravatar.com\/avatar\/b9ba061fa4bff1690b72a325be2f4336f8aaa5c5aa77fade48bd9dd8bd8be007?s=96&d=mm&r=g","caption":"lacavedethierry"},"url":"https:\/\/lacaveetlebistrot.com\/index.php\/author\/lacavedethierry\/"}]}},"jetpack_featured_media_url":"https:\/\/i0.wp.com\/lacaveetlebistrot.com\/wp-content\/uploads\/2023\/05\/20230524_144709-01-scaled-e1684933044303.jpeg?fit=960%2C1280&ssl=1","jetpack-related-posts":[],"jetpack_sharing_enabled":true,"_links":{"self":[{"href":"https:\/\/lacaveetlebistrot.com\/index.php\/wp-json\/wp\/v2\/posts\/2226","targetHints":{"allow":["GET"]}}],"collection":[{"href":"https:\/\/lacaveetlebistrot.com\/index.php\/wp-json\/wp\/v2\/posts"}],"about":[{"href":"https:\/\/lacaveetlebistrot.com\/index.php\/wp-json\/wp\/v2\/types\/post"}],"author":[{"embeddable":true,"href":"https:\/\/lacaveetlebistrot.com\/index.php\/wp-json\/wp\/v2\/users\/1"}],"replies":[{"embeddable":true,"href":"https:\/\/lacaveetlebistrot.com\/index.php\/wp-json\/wp\/v2\/comments?post=2226"}],"version-history":[{"count":5,"href":"https:\/\/lacaveetlebistrot.com\/index.php\/wp-json\/wp\/v2\/posts\/2226\/revisions"}],"predecessor-version":[{"id":2248,"href":"https:\/\/lacaveetlebistrot.com\/index.php\/wp-json\/wp\/v2\/posts\/2226\/revisions\/2248"}],"wp:featuredmedia":[{"embeddable":true,"href":"https:\/\/lacaveetlebistrot.com\/index.php\/wp-json\/wp\/v2\/media\/2229"}],"wp:attachment":[{"href":"https:\/\/lacaveetlebistrot.com\/index.php\/wp-json\/wp\/v2\/media?parent=2226"}],"wp:term":[{"taxonomy":"category","embeddable":true,"href":"https:\/\/lacaveetlebistrot.com\/index.php\/wp-json\/wp\/v2\/categories?post=2226"},{"taxonomy":"post_tag","embeddable":true,"href":"https:\/\/lacaveetlebistrot.com\/index.php\/wp-json\/wp\/v2\/tags?post=2226"}],"curies":[{"name":"wp","href":"https:\/\/api.w.org\/{rel}","templated":true}]}}