{"id":2214,"date":"2023-01-31T17:38:02","date_gmt":"2023-01-31T16:38:02","guid":{"rendered":"https:\/\/lacaveetlebistrot.com\/?p=2214"},"modified":"2023-01-31T17:39:54","modified_gmt":"2023-01-31T16:39:54","slug":"nouvelles-pepites-dans-la-cave-a-vin-daubagne","status":"publish","type":"post","link":"https:\/\/lacaveetlebistrot.com\/index.php\/2023\/01\/31\/nouvelles-pepites-dans-la-cave-a-vin-daubagne\/","title":{"rendered":"nouvelles p\u00e9pites dans la cave \u00e0 vin d&rsquo;Aubagne"},"content":{"rendered":"<h1>On vous a d\u00e9nich\u00e9 des nouvelles p\u00e9pites dans la cave \u00e0 vin d&rsquo;Aubagne<\/h1>\n<h3>Le Mas de la Dame et les cuv\u00e9es des Alpilles<\/h3>\n<p><img data-recalc-dims=\"1\" loading=\"lazy\" decoding=\"async\" class=\"size-medium wp-image-2216 aligncenter\" src=\"https:\/\/i0.wp.com\/lacaveetlebistrot.com\/wp-content\/uploads\/2023\/01\/20230127_191232-01-scaled-e1675179521272-300x225.jpeg?resize=300%2C225&#038;ssl=1\" alt=\"les coins cach\u00e9s du mas de la dame\" width=\"300\" height=\"225\" srcset=\"https:\/\/i0.wp.com\/lacaveetlebistrot.com\/wp-content\/uploads\/2023\/01\/20230127_191232-01-scaled-e1675179521272.jpeg?resize=300%2C225&amp;ssl=1 300w, https:\/\/i0.wp.com\/lacaveetlebistrot.com\/wp-content\/uploads\/2023\/01\/20230127_191232-01-scaled-e1675179521272.jpeg?resize=1024%2C768&amp;ssl=1 1024w, https:\/\/i0.wp.com\/lacaveetlebistrot.com\/wp-content\/uploads\/2023\/01\/20230127_191232-01-scaled-e1675179521272.jpeg?resize=768%2C576&amp;ssl=1 768w, https:\/\/i0.wp.com\/lacaveetlebistrot.com\/wp-content\/uploads\/2023\/01\/20230127_191232-01-scaled-e1675179521272.jpeg?resize=200%2C150&amp;ssl=1 200w, https:\/\/i0.wp.com\/lacaveetlebistrot.com\/wp-content\/uploads\/2023\/01\/20230127_191232-01-scaled-e1675179521272.jpeg?resize=1536%2C1152&amp;ssl=1 1536w, https:\/\/i0.wp.com\/lacaveetlebistrot.com\/wp-content\/uploads\/2023\/01\/20230127_191232-01-scaled-e1675179521272.jpeg?resize=1440%2C1080&amp;ssl=1 1440w, https:\/\/i0.wp.com\/lacaveetlebistrot.com\/wp-content\/uploads\/2023\/01\/20230127_191232-01-scaled-e1675179521272.jpeg?resize=1320%2C990&amp;ssl=1 1320w, https:\/\/i0.wp.com\/lacaveetlebistrot.com\/wp-content\/uploads\/2023\/01\/20230127_191232-01-scaled-e1675179521272.jpeg?resize=600%2C450&amp;ssl=1 600w, https:\/\/i0.wp.com\/lacaveetlebistrot.com\/wp-content\/uploads\/2023\/01\/20230127_191232-01-scaled-e1675179521272.jpeg?w=1600&amp;ssl=1 1600w\" sizes=\"auto, (max-width: 300px) 100vw, 300px\" \/><\/p>\n<p>Le Mas de la dame fait partie des nouvelles p\u00e9pites dans la cave \u00e0 vin d&rsquo;Aubagne<\/p>\n<p>Le domaine s\u2019\u00e9tend sur trois cents hectares dont 58 hectares de vignes et 28 hectares d\u2019oliviers.<\/p>\n<p>Situ\u00e9 au pied du mythique village des Baux-de-Provence. Sur le versant sud des Alpilles et \u00e0 l\u2019abri de la barri\u00e8re montagneuse. Les vins b\u00e9n\u00e9ficient d\u2019un terroir unique et d\u2019un microclimat bien sp\u00e9cifique. Le sol est tr\u00e8s drainant, form\u00e9 d\u2019\u00e9boulis caillouteux d\u2019origine argilo-calcaire, issus de la d\u00e9sagr\u00e9gation du rocher, sp\u00e9cifique \u00e0 cette partie des Alpilles. Les vignes poussent et se m\u00ealent \u00e0 la garrigue environnante dans un \u00e9quilibre harmonieux. Le \u00ab mistral \u00bb persistant dans cette r\u00e9gion, favorise un bon \u00e9tat sanitaire et l\u2019\u00e9change des ar\u00f4mes.<\/p>\n<h3>Le domaine du D\u00e9ffends \u00e0 Saint Maximin<\/h3>\n<p><img data-recalc-dims=\"1\" loading=\"lazy\" decoding=\"async\" class=\"aligncenter wp-image-2217 size-medium\" src=\"https:\/\/i0.wp.com\/lacaveetlebistrot.com\/wp-content\/uploads\/2023\/01\/20230125_173058-01-scaled-e1675180298701-300x225.jpeg?resize=300%2C225&#038;ssl=1\" alt=\"Domaine du deffends dans la cave \u00e0 vin d'Aubagne\" width=\"300\" height=\"225\" srcset=\"https:\/\/i0.wp.com\/lacaveetlebistrot.com\/wp-content\/uploads\/2023\/01\/20230125_173058-01-scaled-e1675180298701.jpeg?resize=300%2C225&amp;ssl=1 300w, https:\/\/i0.wp.com\/lacaveetlebistrot.com\/wp-content\/uploads\/2023\/01\/20230125_173058-01-scaled-e1675180298701.jpeg?resize=1024%2C768&amp;ssl=1 1024w, https:\/\/i0.wp.com\/lacaveetlebistrot.com\/wp-content\/uploads\/2023\/01\/20230125_173058-01-scaled-e1675180298701.jpeg?resize=768%2C576&amp;ssl=1 768w, https:\/\/i0.wp.com\/lacaveetlebistrot.com\/wp-content\/uploads\/2023\/01\/20230125_173058-01-scaled-e1675180298701.jpeg?resize=200%2C150&amp;ssl=1 200w, https:\/\/i0.wp.com\/lacaveetlebistrot.com\/wp-content\/uploads\/2023\/01\/20230125_173058-01-scaled-e1675180298701.jpeg?resize=1536%2C1152&amp;ssl=1 1536w, https:\/\/i0.wp.com\/lacaveetlebistrot.com\/wp-content\/uploads\/2023\/01\/20230125_173058-01-scaled-e1675180298701.jpeg?resize=1440%2C1080&amp;ssl=1 1440w, https:\/\/i0.wp.com\/lacaveetlebistrot.com\/wp-content\/uploads\/2023\/01\/20230125_173058-01-scaled-e1675180298701.jpeg?resize=1320%2C990&amp;ssl=1 1320w, https:\/\/i0.wp.com\/lacaveetlebistrot.com\/wp-content\/uploads\/2023\/01\/20230125_173058-01-scaled-e1675180298701.jpeg?resize=600%2C450&amp;ssl=1 600w, https:\/\/i0.wp.com\/lacaveetlebistrot.com\/wp-content\/uploads\/2023\/01\/20230125_173058-01-scaled-e1675180298701.jpeg?w=1600&amp;ssl=1 1600w\" sizes=\"auto, (max-width: 300px) 100vw, 300px\" \/><\/p>\n<p>Le domaine du D\u00e9ffends fait partie des nouvelles p\u00e9pites dans la cave \u00e0 vin d&rsquo;Aubagne<\/p>\n<h4>Le Domaine est un petit domaine familial de 14ha, conduit par une \u00e9quipe de passionn\u00e9s, o\u00f9 l&rsquo;on s&rsquo;efforce de mettre en valeur les privil\u00e8ges du sol et du climat par une politique rigoureuse de qualit\u00e9.<\/h4>\n<p>Ancien professeur \u00e0 la facult\u00e9 de droit, Jacques de Lanversin s\u2019est attach\u00e9 \u00e0 constituer son vignoble avec des\u00a0terroirs calcaires, pauvres et filtrants.<\/p>\n<p>Situ\u00e9 sur les contreforts des Monts Aur\u00e9liens, en bordure d\u2019une voie romaine \u00e0 400 m\u00e8tres d\u2019altitude. Le domaine se distingue par son isolement. Ancienne zone prot\u00e9g\u00e9e, \u00ab d\u00e9fendue \u00bb (d\u2019o\u00f9 son nom), cette ex ferme pratiquait \u00e0 l\u2019origine la polyculture. Aujourd\u2019hui, le domaine se consacre uniquement \u00e0 la production de vin sur ses 13 hectares de vignes qui dominent la ville de Saint-Maximin. Syrah\u00a0et\u00a0cabernet-sauvignon\u00a0donnent ici des vins rouges charpent\u00e9s avec un peu de grenache et de cinsault pour les assouplir.<\/p>\n<p>Appellation d\u2019origine contr\u00f4l\u00e9e\u00a0Coteaux Varois, le domaine du Deffends est surtout r\u00e9put\u00e9 pour ses vins rouges typiques. On appr\u00e9ciera \u00e9galement ses ros\u00e9s aux noms tr\u00e8s vari\u00e9s et \u00e0 la fra\u00eeche intensit\u00e9.<\/p>\n<h3>Ch\u00e2teau Minuty de la Presqu&rsquo;\u00eele de Saint-Tropez<\/h3>\n<p><img data-recalc-dims=\"1\" loading=\"lazy\" decoding=\"async\" class=\"size-medium wp-image-2218 aligncenter\" src=\"https:\/\/i0.wp.com\/lacaveetlebistrot.com\/wp-content\/uploads\/2023\/01\/20230128_161853-01-scaled-e1675180844563-300x225.jpeg?resize=300%2C225&#038;ssl=1\" alt=\"\" width=\"300\" height=\"225\" srcset=\"https:\/\/i0.wp.com\/lacaveetlebistrot.com\/wp-content\/uploads\/2023\/01\/20230128_161853-01-scaled-e1675180844563.jpeg?resize=300%2C225&amp;ssl=1 300w, https:\/\/i0.wp.com\/lacaveetlebistrot.com\/wp-content\/uploads\/2023\/01\/20230128_161853-01-scaled-e1675180844563.jpeg?resize=1024%2C768&amp;ssl=1 1024w, https:\/\/i0.wp.com\/lacaveetlebistrot.com\/wp-content\/uploads\/2023\/01\/20230128_161853-01-scaled-e1675180844563.jpeg?resize=768%2C576&amp;ssl=1 768w, https:\/\/i0.wp.com\/lacaveetlebistrot.com\/wp-content\/uploads\/2023\/01\/20230128_161853-01-scaled-e1675180844563.jpeg?resize=200%2C150&amp;ssl=1 200w, https:\/\/i0.wp.com\/lacaveetlebistrot.com\/wp-content\/uploads\/2023\/01\/20230128_161853-01-scaled-e1675180844563.jpeg?resize=1536%2C1152&amp;ssl=1 1536w, https:\/\/i0.wp.com\/lacaveetlebistrot.com\/wp-content\/uploads\/2023\/01\/20230128_161853-01-scaled-e1675180844563.jpeg?resize=1440%2C1080&amp;ssl=1 1440w, https:\/\/i0.wp.com\/lacaveetlebistrot.com\/wp-content\/uploads\/2023\/01\/20230128_161853-01-scaled-e1675180844563.jpeg?resize=1320%2C990&amp;ssl=1 1320w, https:\/\/i0.wp.com\/lacaveetlebistrot.com\/wp-content\/uploads\/2023\/01\/20230128_161853-01-scaled-e1675180844563.jpeg?resize=600%2C450&amp;ssl=1 600w, https:\/\/i0.wp.com\/lacaveetlebistrot.com\/wp-content\/uploads\/2023\/01\/20230128_161853-01-scaled-e1675180844563.jpeg?w=1600&amp;ssl=1 1600w\" sizes=\"auto, (max-width: 300px) 100vw, 300px\" \/><\/p>\n<p>Le Ch\u00e2teau Minuty, domaine embl\u00e9matique du village de Gassin est l&rsquo;un des 18 cr\u00fbs class\u00e9s de Provence. Vignoble familial depuis 1936, ses ros\u00e9s sont pr\u00e9sents sur les tables des restaurants \u00e0 travers le monde. Il est situ\u00e9 dans la vall\u00e9e de Gassin et surplombe la baie de Saint-Tropez avec ces 110 hectares.<br \/>\nLa famille Matton-Fernet propose de grands ros\u00e9s qui proviennent du grenache, dit c\u00e9page \u00ab\u00a0roi des ros\u00e9s\u00a0\u00bb.<\/p>\n<p>Le Ch\u00e2teau Minuty fait partie des nouvelles p\u00e9pites dans la cave \u00e0 vin d&rsquo;Aubagne<\/p>\n<p>Retrouvez tous ces vins et bien d&rsquo;autres dans votre cave \u00e0 vin du centre ville. En plus de \u00e7a nous vous proposons \u00e9galement des spiritueux, des whiskys, des rhumes et bien d&rsquo;autres. Sans oublier le rayon d&rsquo;\u00e9picerie fine de M\u00e9lodie qui saura satisfaire tous les repas et ap\u00e9ros que vous pourrez imaginer.<br \/>\nOn vous re\u00e7oit \u00e9galement pour d\u00e9jeuner avec un choix de plus de 950 r\u00e9f\u00e9rences de vins et 300 spiritueux pour accompagner votre repas.<\/p>\n<p><a href=\"https:\/\/lacaveetlebistrot.com\/index.php\/contact\/\">Pour nous contacter\u00a0<\/a><\/p>\n<p><a href=\"https:\/\/www.facebook.com\/LaCaveetLeBistrot\/\">Notre page Facebook<\/a><\/p>\n","protected":false},"excerpt":{"rendered":"<p>des nouvelles p\u00e9pites dans la cave \u00e0 vin d&rsquo;Aubagne<\/p>\n","protected":false},"author":1,"featured_media":2219,"comment_status":"open","ping_status":"open","sticky":false,"template":"","format":"standard","meta":{"_jetpack_memberships_contains_paid_content":false,"footnotes":""},"categories":[23],"tags":[],"class_list":["post-2214","post","type-post","status-publish","format-standard","has-post-thumbnail","hentry","category-la-cave-a-vin"],"yoast_head":"<!-- This site is optimized with the Yoast SEO plugin v26.3 - https:\/\/yoast.com\/wordpress\/plugins\/seo\/ -->\n<title>nouvelles p\u00e9pites dans la cave \u00e0 vin d&#039;Aubagne - La Cave et le Bistrot<\/title>\n<meta name=\"description\" content=\"Retrouvez le Mas de la Dame, le domaine du D\u00e9ffends, et le ch\u00e2teau Minuty parmi les nouvelles p\u00e9pites dans la cave \u00e0 vin d&#039;Aubagne\" \/>\n<meta name=\"robots\" content=\"index, follow, max-snippet:-1, max-image-preview:large, max-video-preview:-1\" \/>\n<link rel=\"canonical\" href=\"https:\/\/lacaveetlebistrot.com\/index.php\/2023\/01\/31\/nouvelles-pepites-dans-la-cave-a-vin-daubagne\/\" \/>\n<meta property=\"og:locale\" content=\"fr_FR\" \/>\n<meta property=\"og:type\" content=\"article\" \/>\n<meta property=\"og:title\" content=\"nouvelles p\u00e9pites dans la cave \u00e0 vin d&#039;Aubagne - La Cave et le Bistrot\" \/>\n<meta property=\"og:description\" content=\"Retrouvez le Mas de la Dame, le domaine du D\u00e9ffends, et le ch\u00e2teau Minuty parmi les nouvelles p\u00e9pites dans la cave \u00e0 vin d&#039;Aubagne\" \/>\n<meta property=\"og:url\" content=\"https:\/\/lacaveetlebistrot.com\/index.php\/2023\/01\/31\/nouvelles-pepites-dans-la-cave-a-vin-daubagne\/\" \/>\n<meta property=\"og:site_name\" content=\"La Cave et le Bistrot\" \/>\n<meta property=\"article:publisher\" content=\"https:\/\/www.facebook.com\/LaCaveetLeBistrot\" \/>\n<meta property=\"article:published_time\" content=\"2023-01-31T16:38:02+00:00\" \/>\n<meta property=\"article:modified_time\" content=\"2023-01-31T16:39:54+00:00\" \/>\n<meta property=\"og:image\" content=\"https:\/\/i0.wp.com\/lacaveetlebistrot.com\/wp-content\/uploads\/2023\/01\/20221228_113149-01-scaled-e1675183008526.jpeg?fit=1600%2C1200&ssl=1\" \/>\n\t<meta property=\"og:image:width\" content=\"1600\" \/>\n\t<meta property=\"og:image:height\" content=\"1200\" \/>\n\t<meta property=\"og:image:type\" content=\"image\/jpeg\" \/>\n<meta name=\"author\" content=\"lacavedethierry\" \/>\n<meta name=\"twitter:card\" content=\"summary_large_image\" \/>\n<meta name=\"twitter:label1\" content=\"\u00c9crit par\" \/>\n\t<meta name=\"twitter:data1\" content=\"lacavedethierry\" \/>\n\t<meta name=\"twitter:label2\" content=\"Dur\u00e9e de lecture estim\u00e9e\" \/>\n\t<meta name=\"twitter:data2\" content=\"4 minutes\" \/>\n<script type=\"application\/ld+json\" class=\"yoast-schema-graph\">{\"@context\":\"https:\/\/schema.org\",\"@graph\":[{\"@type\":\"Article\",\"@id\":\"https:\/\/lacaveetlebistrot.com\/index.php\/2023\/01\/31\/nouvelles-pepites-dans-la-cave-a-vin-daubagne\/#article\",\"isPartOf\":{\"@id\":\"https:\/\/lacaveetlebistrot.com\/index.php\/2023\/01\/31\/nouvelles-pepites-dans-la-cave-a-vin-daubagne\/\"},\"author\":{\"name\":\"lacavedethierry\",\"@id\":\"https:\/\/lacaveetlebistrot.com\/#\/schema\/person\/ae9d594f71c9aaee402752517006c63c\"},\"headline\":\"nouvelles p\u00e9pites dans la cave \u00e0 vin d&rsquo;Aubagne\",\"datePublished\":\"2023-01-31T16:38:02+00:00\",\"dateModified\":\"2023-01-31T16:39:54+00:00\",\"mainEntityOfPage\":{\"@id\":\"https:\/\/lacaveetlebistrot.com\/index.php\/2023\/01\/31\/nouvelles-pepites-dans-la-cave-a-vin-daubagne\/\"},\"wordCount\":553,\"commentCount\":0,\"publisher\":{\"@id\":\"https:\/\/lacaveetlebistrot.com\/#organization\"},\"image\":{\"@id\":\"https:\/\/lacaveetlebistrot.com\/index.php\/2023\/01\/31\/nouvelles-pepites-dans-la-cave-a-vin-daubagne\/#primaryimage\"},\"thumbnailUrl\":\"https:\/\/i0.wp.com\/lacaveetlebistrot.com\/wp-content\/uploads\/2023\/01\/20221228_113149-01-scaled-e1675183008526.jpeg?fit=1600%2C1200&ssl=1\",\"articleSection\":[\"La cave \u00e0 vin\"],\"inLanguage\":\"fr-FR\",\"potentialAction\":[{\"@type\":\"CommentAction\",\"name\":\"Comment\",\"target\":[\"https:\/\/lacaveetlebistrot.com\/index.php\/2023\/01\/31\/nouvelles-pepites-dans-la-cave-a-vin-daubagne\/#respond\"]}]},{\"@type\":\"WebPage\",\"@id\":\"https:\/\/lacaveetlebistrot.com\/index.php\/2023\/01\/31\/nouvelles-pepites-dans-la-cave-a-vin-daubagne\/\",\"url\":\"https:\/\/lacaveetlebistrot.com\/index.php\/2023\/01\/31\/nouvelles-pepites-dans-la-cave-a-vin-daubagne\/\",\"name\":\"nouvelles p\u00e9pites dans la cave \u00e0 vin d'Aubagne - La Cave et le Bistrot\",\"isPartOf\":{\"@id\":\"https:\/\/lacaveetlebistrot.com\/#website\"},\"primaryImageOfPage\":{\"@id\":\"https:\/\/lacaveetlebistrot.com\/index.php\/2023\/01\/31\/nouvelles-pepites-dans-la-cave-a-vin-daubagne\/#primaryimage\"},\"image\":{\"@id\":\"https:\/\/lacaveetlebistrot.com\/index.php\/2023\/01\/31\/nouvelles-pepites-dans-la-cave-a-vin-daubagne\/#primaryimage\"},\"thumbnailUrl\":\"https:\/\/i0.wp.com\/lacaveetlebistrot.com\/wp-content\/uploads\/2023\/01\/20221228_113149-01-scaled-e1675183008526.jpeg?fit=1600%2C1200&ssl=1\",\"datePublished\":\"2023-01-31T16:38:02+00:00\",\"dateModified\":\"2023-01-31T16:39:54+00:00\",\"description\":\"Retrouvez le Mas de la Dame, le domaine du D\u00e9ffends, et le ch\u00e2teau Minuty parmi les nouvelles p\u00e9pites dans la cave \u00e0 vin d'Aubagne\",\"breadcrumb\":{\"@id\":\"https:\/\/lacaveetlebistrot.com\/index.php\/2023\/01\/31\/nouvelles-pepites-dans-la-cave-a-vin-daubagne\/#breadcrumb\"},\"inLanguage\":\"fr-FR\",\"potentialAction\":[{\"@type\":\"ReadAction\",\"target\":[\"https:\/\/lacaveetlebistrot.com\/index.php\/2023\/01\/31\/nouvelles-pepites-dans-la-cave-a-vin-daubagne\/\"]}]},{\"@type\":\"ImageObject\",\"inLanguage\":\"fr-FR\",\"@id\":\"https:\/\/lacaveetlebistrot.com\/index.php\/2023\/01\/31\/nouvelles-pepites-dans-la-cave-a-vin-daubagne\/#primaryimage\",\"url\":\"https:\/\/i0.wp.com\/lacaveetlebistrot.com\/wp-content\/uploads\/2023\/01\/20221228_113149-01-scaled-e1675183008526.jpeg?fit=1600%2C1200&ssl=1\",\"contentUrl\":\"https:\/\/i0.wp.com\/lacaveetlebistrot.com\/wp-content\/uploads\/2023\/01\/20221228_113149-01-scaled-e1675183008526.jpeg?fit=1600%2C1200&ssl=1\",\"width\":1600,\"height\":1200,\"caption\":\"Cave \u00e0 vin Aubagne\"},{\"@type\":\"BreadcrumbList\",\"@id\":\"https:\/\/lacaveetlebistrot.com\/index.php\/2023\/01\/31\/nouvelles-pepites-dans-la-cave-a-vin-daubagne\/#breadcrumb\",\"itemListElement\":[{\"@type\":\"ListItem\",\"position\":1,\"name\":\"Accueil\",\"item\":\"https:\/\/lacaveetlebistrot.com\/\"},{\"@type\":\"ListItem\",\"position\":2,\"name\":\"nouvelles p\u00e9pites dans la cave \u00e0 vin d&#8217;Aubagne\"}]},{\"@type\":\"WebSite\",\"@id\":\"https:\/\/lacaveetlebistrot.com\/#website\",\"url\":\"https:\/\/lacaveetlebistrot.com\/\",\"name\":\"La Cave et le Bistrot\",\"description\":\"La cave \u00e0 vin du centre ville d&#039;Aubagne\",\"publisher\":{\"@id\":\"https:\/\/lacaveetlebistrot.com\/#organization\"},\"potentialAction\":[{\"@type\":\"SearchAction\",\"target\":{\"@type\":\"EntryPoint\",\"urlTemplate\":\"https:\/\/lacaveetlebistrot.com\/?s={search_term_string}\"},\"query-input\":{\"@type\":\"PropertyValueSpecification\",\"valueRequired\":true,\"valueName\":\"search_term_string\"}}],\"inLanguage\":\"fr-FR\"},{\"@type\":\"Organization\",\"@id\":\"https:\/\/lacaveetlebistrot.com\/#organization\",\"name\":\"La Cave et le Bistrot\",\"alternateName\":\"Cave \u00e0 vin Aubagne\",\"url\":\"https:\/\/lacaveetlebistrot.com\/\",\"logo\":{\"@type\":\"ImageObject\",\"inLanguage\":\"fr-FR\",\"@id\":\"https:\/\/lacaveetlebistrot.com\/#\/schema\/logo\/image\/\",\"url\":\"https:\/\/i0.wp.com\/lacaveetlebistrot.com\/wp-content\/uploads\/2021\/12\/Logo-carre-e1642772598302.png?fit=548%2C572&ssl=1\",\"contentUrl\":\"https:\/\/i0.wp.com\/lacaveetlebistrot.com\/wp-content\/uploads\/2021\/12\/Logo-carre-e1642772598302.png?fit=548%2C572&ssl=1\",\"width\":548,\"height\":572,\"caption\":\"La Cave et le Bistrot\"},\"image\":{\"@id\":\"https:\/\/lacaveetlebistrot.com\/#\/schema\/logo\/image\/\"},\"sameAs\":[\"https:\/\/www.facebook.com\/LaCaveetLeBistrot\"]},{\"@type\":\"Person\",\"@id\":\"https:\/\/lacaveetlebistrot.com\/#\/schema\/person\/ae9d594f71c9aaee402752517006c63c\",\"name\":\"lacavedethierry\",\"image\":{\"@type\":\"ImageObject\",\"inLanguage\":\"fr-FR\",\"@id\":\"https:\/\/lacaveetlebistrot.com\/#\/schema\/person\/image\/\",\"url\":\"https:\/\/secure.gravatar.com\/avatar\/b9ba061fa4bff1690b72a325be2f4336f8aaa5c5aa77fade48bd9dd8bd8be007?s=96&d=mm&r=g\",\"contentUrl\":\"https:\/\/secure.gravatar.com\/avatar\/b9ba061fa4bff1690b72a325be2f4336f8aaa5c5aa77fade48bd9dd8bd8be007?s=96&d=mm&r=g\",\"caption\":\"lacavedethierry\"},\"url\":\"https:\/\/lacaveetlebistrot.com\/index.php\/author\/lacavedethierry\/\"}]}<\/script>\n<!-- \/ Yoast SEO plugin. -->","yoast_head_json":{"title":"nouvelles p\u00e9pites dans la cave \u00e0 vin d'Aubagne - La Cave et le Bistrot","description":"Retrouvez le Mas de la Dame, le domaine du D\u00e9ffends, et le ch\u00e2teau Minuty parmi les nouvelles p\u00e9pites dans la cave \u00e0 vin d'Aubagne","robots":{"index":"index","follow":"follow","max-snippet":"max-snippet:-1","max-image-preview":"max-image-preview:large","max-video-preview":"max-video-preview:-1"},"canonical":"https:\/\/lacaveetlebistrot.com\/index.php\/2023\/01\/31\/nouvelles-pepites-dans-la-cave-a-vin-daubagne\/","og_locale":"fr_FR","og_type":"article","og_title":"nouvelles p\u00e9pites dans la cave \u00e0 vin d'Aubagne - La Cave et le Bistrot","og_description":"Retrouvez le Mas de la Dame, le domaine du D\u00e9ffends, et le ch\u00e2teau Minuty parmi les nouvelles p\u00e9pites dans la cave \u00e0 vin d'Aubagne","og_url":"https:\/\/lacaveetlebistrot.com\/index.php\/2023\/01\/31\/nouvelles-pepites-dans-la-cave-a-vin-daubagne\/","og_site_name":"La Cave et le Bistrot","article_publisher":"https:\/\/www.facebook.com\/LaCaveetLeBistrot","article_published_time":"2023-01-31T16:38:02+00:00","article_modified_time":"2023-01-31T16:39:54+00:00","og_image":[{"width":1600,"height":1200,"url":"https:\/\/i0.wp.com\/lacaveetlebistrot.com\/wp-content\/uploads\/2023\/01\/20221228_113149-01-scaled-e1675183008526.jpeg?fit=1600%2C1200&ssl=1","type":"image\/jpeg"}],"author":"lacavedethierry","twitter_card":"summary_large_image","twitter_misc":{"\u00c9crit par":"lacavedethierry","Dur\u00e9e de lecture estim\u00e9e":"4 minutes"},"schema":{"@context":"https:\/\/schema.org","@graph":[{"@type":"Article","@id":"https:\/\/lacaveetlebistrot.com\/index.php\/2023\/01\/31\/nouvelles-pepites-dans-la-cave-a-vin-daubagne\/#article","isPartOf":{"@id":"https:\/\/lacaveetlebistrot.com\/index.php\/2023\/01\/31\/nouvelles-pepites-dans-la-cave-a-vin-daubagne\/"},"author":{"name":"lacavedethierry","@id":"https:\/\/lacaveetlebistrot.com\/#\/schema\/person\/ae9d594f71c9aaee402752517006c63c"},"headline":"nouvelles p\u00e9pites dans la cave \u00e0 vin d&rsquo;Aubagne","datePublished":"2023-01-31T16:38:02+00:00","dateModified":"2023-01-31T16:39:54+00:00","mainEntityOfPage":{"@id":"https:\/\/lacaveetlebistrot.com\/index.php\/2023\/01\/31\/nouvelles-pepites-dans-la-cave-a-vin-daubagne\/"},"wordCount":553,"commentCount":0,"publisher":{"@id":"https:\/\/lacaveetlebistrot.com\/#organization"},"image":{"@id":"https:\/\/lacaveetlebistrot.com\/index.php\/2023\/01\/31\/nouvelles-pepites-dans-la-cave-a-vin-daubagne\/#primaryimage"},"thumbnailUrl":"https:\/\/i0.wp.com\/lacaveetlebistrot.com\/wp-content\/uploads\/2023\/01\/20221228_113149-01-scaled-e1675183008526.jpeg?fit=1600%2C1200&ssl=1","articleSection":["La cave \u00e0 vin"],"inLanguage":"fr-FR","potentialAction":[{"@type":"CommentAction","name":"Comment","target":["https:\/\/lacaveetlebistrot.com\/index.php\/2023\/01\/31\/nouvelles-pepites-dans-la-cave-a-vin-daubagne\/#respond"]}]},{"@type":"WebPage","@id":"https:\/\/lacaveetlebistrot.com\/index.php\/2023\/01\/31\/nouvelles-pepites-dans-la-cave-a-vin-daubagne\/","url":"https:\/\/lacaveetlebistrot.com\/index.php\/2023\/01\/31\/nouvelles-pepites-dans-la-cave-a-vin-daubagne\/","name":"nouvelles p\u00e9pites dans la cave \u00e0 vin d'Aubagne - La Cave et le Bistrot","isPartOf":{"@id":"https:\/\/lacaveetlebistrot.com\/#website"},"primaryImageOfPage":{"@id":"https:\/\/lacaveetlebistrot.com\/index.php\/2023\/01\/31\/nouvelles-pepites-dans-la-cave-a-vin-daubagne\/#primaryimage"},"image":{"@id":"https:\/\/lacaveetlebistrot.com\/index.php\/2023\/01\/31\/nouvelles-pepites-dans-la-cave-a-vin-daubagne\/#primaryimage"},"thumbnailUrl":"https:\/\/i0.wp.com\/lacaveetlebistrot.com\/wp-content\/uploads\/2023\/01\/20221228_113149-01-scaled-e1675183008526.jpeg?fit=1600%2C1200&ssl=1","datePublished":"2023-01-31T16:38:02+00:00","dateModified":"2023-01-31T16:39:54+00:00","description":"Retrouvez le Mas de la Dame, le domaine du D\u00e9ffends, et le ch\u00e2teau Minuty parmi les nouvelles p\u00e9pites dans la cave \u00e0 vin d'Aubagne","breadcrumb":{"@id":"https:\/\/lacaveetlebistrot.com\/index.php\/2023\/01\/31\/nouvelles-pepites-dans-la-cave-a-vin-daubagne\/#breadcrumb"},"inLanguage":"fr-FR","potentialAction":[{"@type":"ReadAction","target":["https:\/\/lacaveetlebistrot.com\/index.php\/2023\/01\/31\/nouvelles-pepites-dans-la-cave-a-vin-daubagne\/"]}]},{"@type":"ImageObject","inLanguage":"fr-FR","@id":"https:\/\/lacaveetlebistrot.com\/index.php\/2023\/01\/31\/nouvelles-pepites-dans-la-cave-a-vin-daubagne\/#primaryimage","url":"https:\/\/i0.wp.com\/lacaveetlebistrot.com\/wp-content\/uploads\/2023\/01\/20221228_113149-01-scaled-e1675183008526.jpeg?fit=1600%2C1200&ssl=1","contentUrl":"https:\/\/i0.wp.com\/lacaveetlebistrot.com\/wp-content\/uploads\/2023\/01\/20221228_113149-01-scaled-e1675183008526.jpeg?fit=1600%2C1200&ssl=1","width":1600,"height":1200,"caption":"Cave \u00e0 vin Aubagne"},{"@type":"BreadcrumbList","@id":"https:\/\/lacaveetlebistrot.com\/index.php\/2023\/01\/31\/nouvelles-pepites-dans-la-cave-a-vin-daubagne\/#breadcrumb","itemListElement":[{"@type":"ListItem","position":1,"name":"Accueil","item":"https:\/\/lacaveetlebistrot.com\/"},{"@type":"ListItem","position":2,"name":"nouvelles p\u00e9pites dans la cave \u00e0 vin d&#8217;Aubagne"}]},{"@type":"WebSite","@id":"https:\/\/lacaveetlebistrot.com\/#website","url":"https:\/\/lacaveetlebistrot.com\/","name":"La Cave et le Bistrot","description":"La cave \u00e0 vin du centre ville d&#039;Aubagne","publisher":{"@id":"https:\/\/lacaveetlebistrot.com\/#organization"},"potentialAction":[{"@type":"SearchAction","target":{"@type":"EntryPoint","urlTemplate":"https:\/\/lacaveetlebistrot.com\/?s={search_term_string}"},"query-input":{"@type":"PropertyValueSpecification","valueRequired":true,"valueName":"search_term_string"}}],"inLanguage":"fr-FR"},{"@type":"Organization","@id":"https:\/\/lacaveetlebistrot.com\/#organization","name":"La Cave et le Bistrot","alternateName":"Cave \u00e0 vin Aubagne","url":"https:\/\/lacaveetlebistrot.com\/","logo":{"@type":"ImageObject","inLanguage":"fr-FR","@id":"https:\/\/lacaveetlebistrot.com\/#\/schema\/logo\/image\/","url":"https:\/\/i0.wp.com\/lacaveetlebistrot.com\/wp-content\/uploads\/2021\/12\/Logo-carre-e1642772598302.png?fit=548%2C572&ssl=1","contentUrl":"https:\/\/i0.wp.com\/lacaveetlebistrot.com\/wp-content\/uploads\/2021\/12\/Logo-carre-e1642772598302.png?fit=548%2C572&ssl=1","width":548,"height":572,"caption":"La Cave et le Bistrot"},"image":{"@id":"https:\/\/lacaveetlebistrot.com\/#\/schema\/logo\/image\/"},"sameAs":["https:\/\/www.facebook.com\/LaCaveetLeBistrot"]},{"@type":"Person","@id":"https:\/\/lacaveetlebistrot.com\/#\/schema\/person\/ae9d594f71c9aaee402752517006c63c","name":"lacavedethierry","image":{"@type":"ImageObject","inLanguage":"fr-FR","@id":"https:\/\/lacaveetlebistrot.com\/#\/schema\/person\/image\/","url":"https:\/\/secure.gravatar.com\/avatar\/b9ba061fa4bff1690b72a325be2f4336f8aaa5c5aa77fade48bd9dd8bd8be007?s=96&d=mm&r=g","contentUrl":"https:\/\/secure.gravatar.com\/avatar\/b9ba061fa4bff1690b72a325be2f4336f8aaa5c5aa77fade48bd9dd8bd8be007?s=96&d=mm&r=g","caption":"lacavedethierry"},"url":"https:\/\/lacaveetlebistrot.com\/index.php\/author\/lacavedethierry\/"}]}},"jetpack_featured_media_url":"https:\/\/i0.wp.com\/lacaveetlebistrot.com\/wp-content\/uploads\/2023\/01\/20221228_113149-01-scaled-e1675183008526.jpeg?fit=1600%2C1200&ssl=1","jetpack-related-posts":[],"jetpack_sharing_enabled":true,"_links":{"self":[{"href":"https:\/\/lacaveetlebistrot.com\/index.php\/wp-json\/wp\/v2\/posts\/2214","targetHints":{"allow":["GET"]}}],"collection":[{"href":"https:\/\/lacaveetlebistrot.com\/index.php\/wp-json\/wp\/v2\/posts"}],"about":[{"href":"https:\/\/lacaveetlebistrot.com\/index.php\/wp-json\/wp\/v2\/types\/post"}],"author":[{"embeddable":true,"href":"https:\/\/lacaveetlebistrot.com\/index.php\/wp-json\/wp\/v2\/users\/1"}],"replies":[{"embeddable":true,"href":"https:\/\/lacaveetlebistrot.com\/index.php\/wp-json\/wp\/v2\/comments?post=2214"}],"version-history":[{"count":2,"href":"https:\/\/lacaveetlebistrot.com\/index.php\/wp-json\/wp\/v2\/posts\/2214\/revisions"}],"predecessor-version":[{"id":2221,"href":"https:\/\/lacaveetlebistrot.com\/index.php\/wp-json\/wp\/v2\/posts\/2214\/revisions\/2221"}],"wp:featuredmedia":[{"embeddable":true,"href":"https:\/\/lacaveetlebistrot.com\/index.php\/wp-json\/wp\/v2\/media\/2219"}],"wp:attachment":[{"href":"https:\/\/lacaveetlebistrot.com\/index.php\/wp-json\/wp\/v2\/media?parent=2214"}],"wp:term":[{"taxonomy":"category","embeddable":true,"href":"https:\/\/lacaveetlebistrot.com\/index.php\/wp-json\/wp\/v2\/categories?post=2214"},{"taxonomy":"post_tag","embeddable":true,"href":"https:\/\/lacaveetlebistrot.com\/index.php\/wp-json\/wp\/v2\/tags?post=2214"}],"curies":[{"name":"wp","href":"https:\/\/api.w.org\/{rel}","templated":true}]}}