{"id":2160,"date":"2022-05-12T19:20:39","date_gmt":"2022-05-12T17:20:39","guid":{"rendered":"https:\/\/lacaveetlebistrot.com\/?p=2160"},"modified":"2022-05-12T19:21:19","modified_gmt":"2022-05-12T17:21:19","slug":"bandol-rouge-du-domaine-baraveou","status":"publish","type":"post","link":"https:\/\/lacaveetlebistrot.com\/index.php\/2022\/05\/12\/bandol-rouge-du-domaine-baraveou\/","title":{"rendered":"Bandol rouge du domaine Barav\u00e9ou"},"content":{"rendered":"<h1>Thierry vous propose le Bandol rouge du domaine Barav\u00e9ou<\/h1>\n<div id=\"attachment_2162\" style=\"width: 310px\" class=\"wp-caption aligncenter\"><img data-recalc-dims=\"1\" loading=\"lazy\" decoding=\"async\" aria-describedby=\"caption-attachment-2162\" class=\"size-medium wp-image-2162\" src=\"https:\/\/i0.wp.com\/lacaveetlebistrot.com\/wp-content\/uploads\/2022\/05\/20220512_105552-01.jpeg?resize=300%2C225&#038;ssl=1\" alt=\"bandol rouge\" width=\"300\" height=\"225\" \/><p id=\"caption-attachment-2162\" class=\"wp-caption-text\">Barav\u00e9ou rouge et ros\u00e9<\/p><\/div>\n<h3>il est Impossible pour tout amateur qui se respecte de ne pas gouter les excellents bandol rouge du domaine Barav\u00e9ou.<br \/>\nThierry notre caviste vous a d\u00e9nich\u00e9 les p\u00e9pites proven\u00e7ales.<\/h3>\n<p><img data-recalc-dims=\"1\" loading=\"lazy\" decoding=\"async\" class=\"alignnone size-medium wp-image-2163\" src=\"https:\/\/i0.wp.com\/lacaveetlebistrot.com\/wp-content\/uploads\/2022\/05\/20220512_105235-01.jpeg?resize=300%2C225&#038;ssl=1\" alt=\"\" width=\"300\" height=\"225\" \/><\/p>\n<p>Le Bandol rouge du domaine Barav\u00e9ou,<br \/>\nD\u00e8s 2011, Jean-Philippe Fourney entreprend un travail titanesque : il d\u00e9boise, d\u00e9friche, et restructure de vieilles restanques \u00e0 La Cadi\u00e8re-d \u2018Azur pour y planter de la vigne en s\u00e9lections massales puis les cultiver, quatre hectares en biodynamie. Cette approche culturale saine et engag\u00e9e lui interdit l\u2019utilisation de tous produits chimiques.<br \/>\nJe suis litt\u00e9ralement enchant\u00e9 par son travail infus\u00e9 du mourv\u00e8dre. Cette m\u00e9thode de vinification lui permet la production de rouges profonds et pulpeux. J&rsquo;adore sa recherche de tanins velout\u00e9s. Jean-Philippe Fourney conf\u00e8re \u00e0 ses vins une approche aimable dans leur jeunesse, tout en les sculptant pour la garde. La rigueur et la sensibilit\u00e9 que le vigneron transmet \u00e0 son rouge l\u2019on conduit \u00e0 rapidement \u00eatre encens\u00e9 par les critiques et les amateurs de Bandol. Pour ma part, il est rapidement arriv\u00e9 sur les devants de la sc\u00e8ne et c\u2019est toujours un immense plaisir que de d\u00e9boucher une bouteille pour la partager avec les amis.<\/p>\n<h4>Avec une production d\u2019environ 7000 bouteilles toutes couleurs confondues, Je vous garanti qu\u2019il n\u2019y en aura pas pour tout le monde.<\/h4>\n<p><img data-recalc-dims=\"1\" loading=\"lazy\" decoding=\"async\" class=\"alignnone size-medium wp-image-2164\" src=\"https:\/\/i0.wp.com\/lacaveetlebistrot.com\/wp-content\/uploads\/2022\/05\/20220512_105307-01.jpeg?resize=300%2C300&#038;ssl=1\" alt=\"\" width=\"300\" height=\"300\" \/><\/p>\n<p><img data-recalc-dims=\"1\" loading=\"lazy\" decoding=\"async\" class=\"alignnone size-medium wp-image-2165\" src=\"https:\/\/i0.wp.com\/lacaveetlebistrot.com\/wp-content\/uploads\/2022\/05\/20220512_103643-01.jpeg?resize=300%2C300&#038;ssl=1\" alt=\"\" width=\"300\" height=\"300\" \/><\/p>\n<p>Je vous propose de retrouver le Bandol rouge du domaine Barav\u00e9ou mais aussi le ros\u00e9, dans notre cave \u00e0 vin au centre ville. C&rsquo;est aussi la possibilit\u00e9 de manger \u00e0 notre cave \u00e0 manger et d&rsquo;accompagner le repas avec ce superbe vin. Et si vous pr\u00e9f\u00e9rez l&#8217;emporter vous pourrez le d\u00e9couvrir avec l&rsquo;un de nos nombreux produits de l&rsquo;\u00e9picerie fine.<\/p>\n<p>La cave et le Bistrot c&rsquo;est plus de 650r\u00e9f\u00e9rences de vins, 150 spiritueux et un large choix de bi\u00e8res.<\/p>\n<p><a href=\"https:\/\/www.facebook.com\/LaCaveetLeBistrot\/\" target=\"_blank\" rel=\"noopener\">Notre Facebook\u00a0<\/a><\/p>\n<p><a href=\"https:\/\/module.lafourchette.com\/fr_FR\/module\/724420-67c36?origin=facebook&amp;utm_medium=integration&amp;utm_source=facebook#\/4672458\/dhp\" target=\"_blank\" rel=\"noopener\">Pour r\u00e9server<\/a><\/p>\n<p><a href=\"https:\/\/lacaveetlebistrot.com\/index.php\/contact\/\">Nous contacter<\/a><\/p>\n","protected":false},"excerpt":{"rendered":"<p>Retrouvez le Bandol rouge du domaine Barav\u00e9ou dans votre cave \u00e0 vin en centre ville d&rsquo;Aubagne.<\/p>\n","protected":false},"author":1,"featured_media":2162,"comment_status":"open","ping_status":"open","sticky":false,"template":"","format":"standard","meta":{"_jetpack_memberships_contains_paid_content":false,"footnotes":""},"categories":[23],"tags":[],"class_list":["post-2160","post","type-post","status-publish","format-standard","has-post-thumbnail","hentry","category-la-cave-a-vin"],"yoast_head":"<!-- This site is optimized with the Yoast SEO plugin v26.3 - https:\/\/yoast.com\/wordpress\/plugins\/seo\/ -->\n<title>Bandol rouge du domaine Barav\u00e9ou - La Cave et le Bistrot<\/title>\n<meta name=\"description\" content=\"Retrouvez le Bandol rouge du domaine Barav\u00e9ou dans votre cave \u00e0 vin en centre ville d&#039;Aubagne. On l&#039;a aussi en ros\u00e9 ;-)\" \/>\n<meta name=\"robots\" content=\"index, follow, max-snippet:-1, max-image-preview:large, max-video-preview:-1\" \/>\n<link rel=\"canonical\" href=\"https:\/\/lacaveetlebistrot.com\/index.php\/2022\/05\/12\/bandol-rouge-du-domaine-baraveou\/\" \/>\n<meta property=\"og:locale\" content=\"fr_FR\" \/>\n<meta property=\"og:type\" content=\"article\" \/>\n<meta property=\"og:title\" content=\"Bandol rouge du domaine Barav\u00e9ou - La Cave et le Bistrot\" \/>\n<meta property=\"og:description\" content=\"Retrouvez le Bandol rouge du domaine Barav\u00e9ou dans votre cave \u00e0 vin en centre ville d&#039;Aubagne. On l&#039;a aussi en ros\u00e9 ;-)\" \/>\n<meta property=\"og:url\" content=\"https:\/\/lacaveetlebistrot.com\/index.php\/2022\/05\/12\/bandol-rouge-du-domaine-baraveou\/\" \/>\n<meta property=\"og:site_name\" content=\"La Cave et le Bistrot\" \/>\n<meta property=\"article:publisher\" content=\"https:\/\/www.facebook.com\/LaCaveetLeBistrot\" \/>\n<meta property=\"article:published_time\" content=\"2022-05-12T17:20:39+00:00\" \/>\n<meta property=\"article:modified_time\" content=\"2022-05-12T17:21:19+00:00\" \/>\n<meta property=\"og:image\" content=\"https:\/\/i0.wp.com\/lacaveetlebistrot.com\/wp-content\/uploads\/2022\/05\/20220512_105552-01-scaled-e1652372753564.jpeg?fit=1600%2C1200&ssl=1\" \/>\n\t<meta property=\"og:image:width\" content=\"1600\" \/>\n\t<meta property=\"og:image:height\" content=\"1200\" \/>\n\t<meta property=\"og:image:type\" content=\"image\/jpeg\" \/>\n<meta name=\"author\" content=\"lacavedethierry\" \/>\n<meta name=\"twitter:card\" content=\"summary_large_image\" \/>\n<meta name=\"twitter:label1\" content=\"\u00c9crit par\" \/>\n\t<meta name=\"twitter:data1\" content=\"lacavedethierry\" \/>\n\t<meta name=\"twitter:label2\" content=\"Dur\u00e9e de lecture estim\u00e9e\" \/>\n\t<meta name=\"twitter:data2\" content=\"3 minutes\" \/>\n<script type=\"application\/ld+json\" class=\"yoast-schema-graph\">{\"@context\":\"https:\/\/schema.org\",\"@graph\":[{\"@type\":\"Article\",\"@id\":\"https:\/\/lacaveetlebistrot.com\/index.php\/2022\/05\/12\/bandol-rouge-du-domaine-baraveou\/#article\",\"isPartOf\":{\"@id\":\"https:\/\/lacaveetlebistrot.com\/index.php\/2022\/05\/12\/bandol-rouge-du-domaine-baraveou\/\"},\"author\":{\"name\":\"lacavedethierry\",\"@id\":\"https:\/\/lacaveetlebistrot.com\/#\/schema\/person\/ae9d594f71c9aaee402752517006c63c\"},\"headline\":\"Bandol rouge du domaine Barav\u00e9ou\",\"datePublished\":\"2022-05-12T17:20:39+00:00\",\"dateModified\":\"2022-05-12T17:21:19+00:00\",\"mainEntityOfPage\":{\"@id\":\"https:\/\/lacaveetlebistrot.com\/index.php\/2022\/05\/12\/bandol-rouge-du-domaine-baraveou\/\"},\"wordCount\":345,\"commentCount\":0,\"publisher\":{\"@id\":\"https:\/\/lacaveetlebistrot.com\/#organization\"},\"image\":{\"@id\":\"https:\/\/lacaveetlebistrot.com\/index.php\/2022\/05\/12\/bandol-rouge-du-domaine-baraveou\/#primaryimage\"},\"thumbnailUrl\":\"https:\/\/i0.wp.com\/lacaveetlebistrot.com\/wp-content\/uploads\/2022\/05\/20220512_105552-01-scaled-e1652372753564.jpeg?fit=1600%2C1200&ssl=1\",\"articleSection\":[\"La cave \u00e0 vin\"],\"inLanguage\":\"fr-FR\",\"potentialAction\":[{\"@type\":\"CommentAction\",\"name\":\"Comment\",\"target\":[\"https:\/\/lacaveetlebistrot.com\/index.php\/2022\/05\/12\/bandol-rouge-du-domaine-baraveou\/#respond\"]}]},{\"@type\":\"WebPage\",\"@id\":\"https:\/\/lacaveetlebistrot.com\/index.php\/2022\/05\/12\/bandol-rouge-du-domaine-baraveou\/\",\"url\":\"https:\/\/lacaveetlebistrot.com\/index.php\/2022\/05\/12\/bandol-rouge-du-domaine-baraveou\/\",\"name\":\"Bandol rouge du domaine Barav\u00e9ou - La Cave et le Bistrot\",\"isPartOf\":{\"@id\":\"https:\/\/lacaveetlebistrot.com\/#website\"},\"primaryImageOfPage\":{\"@id\":\"https:\/\/lacaveetlebistrot.com\/index.php\/2022\/05\/12\/bandol-rouge-du-domaine-baraveou\/#primaryimage\"},\"image\":{\"@id\":\"https:\/\/lacaveetlebistrot.com\/index.php\/2022\/05\/12\/bandol-rouge-du-domaine-baraveou\/#primaryimage\"},\"thumbnailUrl\":\"https:\/\/i0.wp.com\/lacaveetlebistrot.com\/wp-content\/uploads\/2022\/05\/20220512_105552-01-scaled-e1652372753564.jpeg?fit=1600%2C1200&ssl=1\",\"datePublished\":\"2022-05-12T17:20:39+00:00\",\"dateModified\":\"2022-05-12T17:21:19+00:00\",\"description\":\"Retrouvez le Bandol rouge du domaine Barav\u00e9ou dans votre cave \u00e0 vin en centre ville d'Aubagne. On l'a aussi en ros\u00e9 ;-)\",\"breadcrumb\":{\"@id\":\"https:\/\/lacaveetlebistrot.com\/index.php\/2022\/05\/12\/bandol-rouge-du-domaine-baraveou\/#breadcrumb\"},\"inLanguage\":\"fr-FR\",\"potentialAction\":[{\"@type\":\"ReadAction\",\"target\":[\"https:\/\/lacaveetlebistrot.com\/index.php\/2022\/05\/12\/bandol-rouge-du-domaine-baraveou\/\"]}]},{\"@type\":\"ImageObject\",\"inLanguage\":\"fr-FR\",\"@id\":\"https:\/\/lacaveetlebistrot.com\/index.php\/2022\/05\/12\/bandol-rouge-du-domaine-baraveou\/#primaryimage\",\"url\":\"https:\/\/i0.wp.com\/lacaveetlebistrot.com\/wp-content\/uploads\/2022\/05\/20220512_105552-01-scaled-e1652372753564.jpeg?fit=1600%2C1200&ssl=1\",\"contentUrl\":\"https:\/\/i0.wp.com\/lacaveetlebistrot.com\/wp-content\/uploads\/2022\/05\/20220512_105552-01-scaled-e1652372753564.jpeg?fit=1600%2C1200&ssl=1\",\"width\":1600,\"height\":1200,\"caption\":\"Barav\u00e9ou rouge\"},{\"@type\":\"BreadcrumbList\",\"@id\":\"https:\/\/lacaveetlebistrot.com\/index.php\/2022\/05\/12\/bandol-rouge-du-domaine-baraveou\/#breadcrumb\",\"itemListElement\":[{\"@type\":\"ListItem\",\"position\":1,\"name\":\"Accueil\",\"item\":\"https:\/\/lacaveetlebistrot.com\/\"},{\"@type\":\"ListItem\",\"position\":2,\"name\":\"Bandol rouge du domaine Barav\u00e9ou\"}]},{\"@type\":\"WebSite\",\"@id\":\"https:\/\/lacaveetlebistrot.com\/#website\",\"url\":\"https:\/\/lacaveetlebistrot.com\/\",\"name\":\"La Cave et le Bistrot\",\"description\":\"La cave \u00e0 vin du centre ville d&#039;Aubagne\",\"publisher\":{\"@id\":\"https:\/\/lacaveetlebistrot.com\/#organization\"},\"potentialAction\":[{\"@type\":\"SearchAction\",\"target\":{\"@type\":\"EntryPoint\",\"urlTemplate\":\"https:\/\/lacaveetlebistrot.com\/?s={search_term_string}\"},\"query-input\":{\"@type\":\"PropertyValueSpecification\",\"valueRequired\":true,\"valueName\":\"search_term_string\"}}],\"inLanguage\":\"fr-FR\"},{\"@type\":\"Organization\",\"@id\":\"https:\/\/lacaveetlebistrot.com\/#organization\",\"name\":\"La Cave et le Bistrot\",\"alternateName\":\"Cave \u00e0 vin Aubagne\",\"url\":\"https:\/\/lacaveetlebistrot.com\/\",\"logo\":{\"@type\":\"ImageObject\",\"inLanguage\":\"fr-FR\",\"@id\":\"https:\/\/lacaveetlebistrot.com\/#\/schema\/logo\/image\/\",\"url\":\"https:\/\/i0.wp.com\/lacaveetlebistrot.com\/wp-content\/uploads\/2021\/12\/Logo-carre-e1642772598302.png?fit=548%2C572&ssl=1\",\"contentUrl\":\"https:\/\/i0.wp.com\/lacaveetlebistrot.com\/wp-content\/uploads\/2021\/12\/Logo-carre-e1642772598302.png?fit=548%2C572&ssl=1\",\"width\":548,\"height\":572,\"caption\":\"La Cave et le Bistrot\"},\"image\":{\"@id\":\"https:\/\/lacaveetlebistrot.com\/#\/schema\/logo\/image\/\"},\"sameAs\":[\"https:\/\/www.facebook.com\/LaCaveetLeBistrot\"]},{\"@type\":\"Person\",\"@id\":\"https:\/\/lacaveetlebistrot.com\/#\/schema\/person\/ae9d594f71c9aaee402752517006c63c\",\"name\":\"lacavedethierry\",\"image\":{\"@type\":\"ImageObject\",\"inLanguage\":\"fr-FR\",\"@id\":\"https:\/\/lacaveetlebistrot.com\/#\/schema\/person\/image\/\",\"url\":\"https:\/\/secure.gravatar.com\/avatar\/b9ba061fa4bff1690b72a325be2f4336f8aaa5c5aa77fade48bd9dd8bd8be007?s=96&d=mm&r=g\",\"contentUrl\":\"https:\/\/secure.gravatar.com\/avatar\/b9ba061fa4bff1690b72a325be2f4336f8aaa5c5aa77fade48bd9dd8bd8be007?s=96&d=mm&r=g\",\"caption\":\"lacavedethierry\"},\"url\":\"https:\/\/lacaveetlebistrot.com\/index.php\/author\/lacavedethierry\/\"}]}<\/script>\n<!-- \/ Yoast SEO plugin. -->","yoast_head_json":{"title":"Bandol rouge du domaine Barav\u00e9ou - La Cave et le Bistrot","description":"Retrouvez le Bandol rouge du domaine Barav\u00e9ou dans votre cave \u00e0 vin en centre ville d'Aubagne. On l'a aussi en ros\u00e9 ;-)","robots":{"index":"index","follow":"follow","max-snippet":"max-snippet:-1","max-image-preview":"max-image-preview:large","max-video-preview":"max-video-preview:-1"},"canonical":"https:\/\/lacaveetlebistrot.com\/index.php\/2022\/05\/12\/bandol-rouge-du-domaine-baraveou\/","og_locale":"fr_FR","og_type":"article","og_title":"Bandol rouge du domaine Barav\u00e9ou - La Cave et le Bistrot","og_description":"Retrouvez le Bandol rouge du domaine Barav\u00e9ou dans votre cave \u00e0 vin en centre ville d'Aubagne. On l'a aussi en ros\u00e9 ;-)","og_url":"https:\/\/lacaveetlebistrot.com\/index.php\/2022\/05\/12\/bandol-rouge-du-domaine-baraveou\/","og_site_name":"La Cave et le Bistrot","article_publisher":"https:\/\/www.facebook.com\/LaCaveetLeBistrot","article_published_time":"2022-05-12T17:20:39+00:00","article_modified_time":"2022-05-12T17:21:19+00:00","og_image":[{"width":1600,"height":1200,"url":"https:\/\/i0.wp.com\/lacaveetlebistrot.com\/wp-content\/uploads\/2022\/05\/20220512_105552-01-scaled-e1652372753564.jpeg?fit=1600%2C1200&ssl=1","type":"image\/jpeg"}],"author":"lacavedethierry","twitter_card":"summary_large_image","twitter_misc":{"\u00c9crit par":"lacavedethierry","Dur\u00e9e de lecture estim\u00e9e":"3 minutes"},"schema":{"@context":"https:\/\/schema.org","@graph":[{"@type":"Article","@id":"https:\/\/lacaveetlebistrot.com\/index.php\/2022\/05\/12\/bandol-rouge-du-domaine-baraveou\/#article","isPartOf":{"@id":"https:\/\/lacaveetlebistrot.com\/index.php\/2022\/05\/12\/bandol-rouge-du-domaine-baraveou\/"},"author":{"name":"lacavedethierry","@id":"https:\/\/lacaveetlebistrot.com\/#\/schema\/person\/ae9d594f71c9aaee402752517006c63c"},"headline":"Bandol rouge du domaine Barav\u00e9ou","datePublished":"2022-05-12T17:20:39+00:00","dateModified":"2022-05-12T17:21:19+00:00","mainEntityOfPage":{"@id":"https:\/\/lacaveetlebistrot.com\/index.php\/2022\/05\/12\/bandol-rouge-du-domaine-baraveou\/"},"wordCount":345,"commentCount":0,"publisher":{"@id":"https:\/\/lacaveetlebistrot.com\/#organization"},"image":{"@id":"https:\/\/lacaveetlebistrot.com\/index.php\/2022\/05\/12\/bandol-rouge-du-domaine-baraveou\/#primaryimage"},"thumbnailUrl":"https:\/\/i0.wp.com\/lacaveetlebistrot.com\/wp-content\/uploads\/2022\/05\/20220512_105552-01-scaled-e1652372753564.jpeg?fit=1600%2C1200&ssl=1","articleSection":["La cave \u00e0 vin"],"inLanguage":"fr-FR","potentialAction":[{"@type":"CommentAction","name":"Comment","target":["https:\/\/lacaveetlebistrot.com\/index.php\/2022\/05\/12\/bandol-rouge-du-domaine-baraveou\/#respond"]}]},{"@type":"WebPage","@id":"https:\/\/lacaveetlebistrot.com\/index.php\/2022\/05\/12\/bandol-rouge-du-domaine-baraveou\/","url":"https:\/\/lacaveetlebistrot.com\/index.php\/2022\/05\/12\/bandol-rouge-du-domaine-baraveou\/","name":"Bandol rouge du domaine Barav\u00e9ou - La Cave et le Bistrot","isPartOf":{"@id":"https:\/\/lacaveetlebistrot.com\/#website"},"primaryImageOfPage":{"@id":"https:\/\/lacaveetlebistrot.com\/index.php\/2022\/05\/12\/bandol-rouge-du-domaine-baraveou\/#primaryimage"},"image":{"@id":"https:\/\/lacaveetlebistrot.com\/index.php\/2022\/05\/12\/bandol-rouge-du-domaine-baraveou\/#primaryimage"},"thumbnailUrl":"https:\/\/i0.wp.com\/lacaveetlebistrot.com\/wp-content\/uploads\/2022\/05\/20220512_105552-01-scaled-e1652372753564.jpeg?fit=1600%2C1200&ssl=1","datePublished":"2022-05-12T17:20:39+00:00","dateModified":"2022-05-12T17:21:19+00:00","description":"Retrouvez le Bandol rouge du domaine Barav\u00e9ou dans votre cave \u00e0 vin en centre ville d'Aubagne. On l'a aussi en ros\u00e9 ;-)","breadcrumb":{"@id":"https:\/\/lacaveetlebistrot.com\/index.php\/2022\/05\/12\/bandol-rouge-du-domaine-baraveou\/#breadcrumb"},"inLanguage":"fr-FR","potentialAction":[{"@type":"ReadAction","target":["https:\/\/lacaveetlebistrot.com\/index.php\/2022\/05\/12\/bandol-rouge-du-domaine-baraveou\/"]}]},{"@type":"ImageObject","inLanguage":"fr-FR","@id":"https:\/\/lacaveetlebistrot.com\/index.php\/2022\/05\/12\/bandol-rouge-du-domaine-baraveou\/#primaryimage","url":"https:\/\/i0.wp.com\/lacaveetlebistrot.com\/wp-content\/uploads\/2022\/05\/20220512_105552-01-scaled-e1652372753564.jpeg?fit=1600%2C1200&ssl=1","contentUrl":"https:\/\/i0.wp.com\/lacaveetlebistrot.com\/wp-content\/uploads\/2022\/05\/20220512_105552-01-scaled-e1652372753564.jpeg?fit=1600%2C1200&ssl=1","width":1600,"height":1200,"caption":"Barav\u00e9ou rouge"},{"@type":"BreadcrumbList","@id":"https:\/\/lacaveetlebistrot.com\/index.php\/2022\/05\/12\/bandol-rouge-du-domaine-baraveou\/#breadcrumb","itemListElement":[{"@type":"ListItem","position":1,"name":"Accueil","item":"https:\/\/lacaveetlebistrot.com\/"},{"@type":"ListItem","position":2,"name":"Bandol rouge du domaine Barav\u00e9ou"}]},{"@type":"WebSite","@id":"https:\/\/lacaveetlebistrot.com\/#website","url":"https:\/\/lacaveetlebistrot.com\/","name":"La Cave et le Bistrot","description":"La cave \u00e0 vin du centre ville d&#039;Aubagne","publisher":{"@id":"https:\/\/lacaveetlebistrot.com\/#organization"},"potentialAction":[{"@type":"SearchAction","target":{"@type":"EntryPoint","urlTemplate":"https:\/\/lacaveetlebistrot.com\/?s={search_term_string}"},"query-input":{"@type":"PropertyValueSpecification","valueRequired":true,"valueName":"search_term_string"}}],"inLanguage":"fr-FR"},{"@type":"Organization","@id":"https:\/\/lacaveetlebistrot.com\/#organization","name":"La Cave et le Bistrot","alternateName":"Cave \u00e0 vin Aubagne","url":"https:\/\/lacaveetlebistrot.com\/","logo":{"@type":"ImageObject","inLanguage":"fr-FR","@id":"https:\/\/lacaveetlebistrot.com\/#\/schema\/logo\/image\/","url":"https:\/\/i0.wp.com\/lacaveetlebistrot.com\/wp-content\/uploads\/2021\/12\/Logo-carre-e1642772598302.png?fit=548%2C572&ssl=1","contentUrl":"https:\/\/i0.wp.com\/lacaveetlebistrot.com\/wp-content\/uploads\/2021\/12\/Logo-carre-e1642772598302.png?fit=548%2C572&ssl=1","width":548,"height":572,"caption":"La Cave et le Bistrot"},"image":{"@id":"https:\/\/lacaveetlebistrot.com\/#\/schema\/logo\/image\/"},"sameAs":["https:\/\/www.facebook.com\/LaCaveetLeBistrot"]},{"@type":"Person","@id":"https:\/\/lacaveetlebistrot.com\/#\/schema\/person\/ae9d594f71c9aaee402752517006c63c","name":"lacavedethierry","image":{"@type":"ImageObject","inLanguage":"fr-FR","@id":"https:\/\/lacaveetlebistrot.com\/#\/schema\/person\/image\/","url":"https:\/\/secure.gravatar.com\/avatar\/b9ba061fa4bff1690b72a325be2f4336f8aaa5c5aa77fade48bd9dd8bd8be007?s=96&d=mm&r=g","contentUrl":"https:\/\/secure.gravatar.com\/avatar\/b9ba061fa4bff1690b72a325be2f4336f8aaa5c5aa77fade48bd9dd8bd8be007?s=96&d=mm&r=g","caption":"lacavedethierry"},"url":"https:\/\/lacaveetlebistrot.com\/index.php\/author\/lacavedethierry\/"}]}},"jetpack_featured_media_url":"https:\/\/i0.wp.com\/lacaveetlebistrot.com\/wp-content\/uploads\/2022\/05\/20220512_105552-01-scaled-e1652372753564.jpeg?fit=1600%2C1200&ssl=1","jetpack-related-posts":[],"jetpack_sharing_enabled":true,"_links":{"self":[{"href":"https:\/\/lacaveetlebistrot.com\/index.php\/wp-json\/wp\/v2\/posts\/2160","targetHints":{"allow":["GET"]}}],"collection":[{"href":"https:\/\/lacaveetlebistrot.com\/index.php\/wp-json\/wp\/v2\/posts"}],"about":[{"href":"https:\/\/lacaveetlebistrot.com\/index.php\/wp-json\/wp\/v2\/types\/post"}],"author":[{"embeddable":true,"href":"https:\/\/lacaveetlebistrot.com\/index.php\/wp-json\/wp\/v2\/users\/1"}],"replies":[{"embeddable":true,"href":"https:\/\/lacaveetlebistrot.com\/index.php\/wp-json\/wp\/v2\/comments?post=2160"}],"version-history":[{"count":2,"href":"https:\/\/lacaveetlebistrot.com\/index.php\/wp-json\/wp\/v2\/posts\/2160\/revisions"}],"predecessor-version":[{"id":2167,"href":"https:\/\/lacaveetlebistrot.com\/index.php\/wp-json\/wp\/v2\/posts\/2160\/revisions\/2167"}],"wp:featuredmedia":[{"embeddable":true,"href":"https:\/\/lacaveetlebistrot.com\/index.php\/wp-json\/wp\/v2\/media\/2162"}],"wp:attachment":[{"href":"https:\/\/lacaveetlebistrot.com\/index.php\/wp-json\/wp\/v2\/media?parent=2160"}],"wp:term":[{"taxonomy":"category","embeddable":true,"href":"https:\/\/lacaveetlebistrot.com\/index.php\/wp-json\/wp\/v2\/categories?post=2160"},{"taxonomy":"post_tag","embeddable":true,"href":"https:\/\/lacaveetlebistrot.com\/index.php\/wp-json\/wp\/v2\/tags?post=2160"}],"curies":[{"name":"wp","href":"https:\/\/api.w.org\/{rel}","templated":true}]}}