{"id":2137,"date":"2022-03-24T16:17:53","date_gmt":"2022-03-24T15:17:53","guid":{"rendered":"https:\/\/lacaveetlebistrot.com\/?p=2137"},"modified":"2022-03-24T16:20:17","modified_gmt":"2022-03-24T15:20:17","slug":"epicerie-fine-et-apero-aaubagne","status":"publish","type":"post","link":"https:\/\/lacaveetlebistrot.com\/index.php\/2022\/03\/24\/epicerie-fine-et-apero-aaubagne\/","title":{"rendered":"Epicerie fine et Ap\u00e9ro \u00e0 Aubagne"},"content":{"rendered":"<h1>Retrouvez une large gamme d&rsquo;Epicerie fine et Ap\u00e9ro \u00e0 Aubagne<\/h1>\n<p><img data-recalc-dims=\"1\" loading=\"lazy\" decoding=\"async\" class=\"alignnone size-medium wp-image-2138\" src=\"https:\/\/i0.wp.com\/lacaveetlebistrot.com\/wp-content\/uploads\/2022\/03\/20220224_115010-01.jpeg?resize=225%2C300&#038;ssl=1\" alt=\"\" width=\"225\" height=\"300\" \/><\/p>\n<h2>Vous Cherchez \u00e0 faire un cadeau ou \u00e0 pr\u00e9parer un ap\u00e9ritif, m\u00e9lodie vous conseillera sur nos produits.<\/h2>\n<p>Un petit descriptif de notre Epicerie fine et Ap\u00e9ro \u00e0 Aubagne<\/p>\n<h4>Vous aimez assaisonner vos salades avec une huile d&rsquo;exception ?<\/h4>\n<p>Nous vous proposons le moulin Saint Michel en AOP huile d&rsquo;olive de la vall\u00e9e des Baux de Provence.<\/p>\n<p><img data-recalc-dims=\"1\" loading=\"lazy\" decoding=\"async\" class=\"alignnone wp-image-2139 size-medium\" src=\"https:\/\/i0.wp.com\/lacaveetlebistrot.com\/wp-content\/uploads\/2022\/03\/20220324_153657-01.jpeg?resize=300%2C225&#038;ssl=1\" alt=\"Huile d'olive des Baux en Provence \u00e0 Aubagne\" width=\"300\" height=\"225\" \/><\/p>\n<h4>Je vous conseille fortement de d\u00e9guster nos produits tartinable<\/h4>\n<p>La Maison Timon et Sourrieu, Nos produits Lyonnais de la maison Bobosse dans les Halles Bocuse, Nos terrines de la maison Papillon, Les produits \u00e0 la truffe de la maison Dessis ou nos magnifique tartinable de la maison un moment en Provence. Vous pouvez aussi retrouver le caviar Sturia. M\u00e9lodie vous conseillera les jus de fruits de Patrick Font.<br \/>\nLes chips aux l\u00e9gumes de la ferme Sacr\u00e9 caract\u00e8re (produis et transform\u00e9s \u00e0 la ferme).<br \/>\nEt bien d&rsquo;autres surprises vous attendent dans votre \u00e9piicerie cave \u00e0 vin en centre ville d&rsquo;Aubagne (face \u00e0 la gare).<\/p>\n<p><img data-recalc-dims=\"1\" loading=\"lazy\" decoding=\"async\" class=\"alignnone size-medium wp-image-2140\" src=\"https:\/\/i0.wp.com\/lacaveetlebistrot.com\/wp-content\/uploads\/2022\/03\/20220324_145107-01.jpeg?resize=300%2C225&#038;ssl=1\" alt=\"Epicerie fine et ap\u00e9ro \u00e0 Aubagne\" width=\"300\" height=\"225\" \/><\/p>\n<p><img data-recalc-dims=\"1\" loading=\"lazy\" decoding=\"async\" class=\"alignnone size-medium wp-image-2141\" src=\"https:\/\/i0.wp.com\/lacaveetlebistrot.com\/wp-content\/uploads\/2022\/03\/20220324_145112-01.jpeg?resize=300%2C226&#038;ssl=1\" alt=\"Epicerie fine et ap\u00e9ro \u00e0 Aubagne\" width=\"300\" height=\"226\" \/><\/p>\n<p><img data-recalc-dims=\"1\" loading=\"lazy\" decoding=\"async\" class=\"alignnone size-medium wp-image-2142\" src=\"https:\/\/i0.wp.com\/lacaveetlebistrot.com\/wp-content\/uploads\/2022\/03\/20220324_145121-01.jpeg?resize=300%2C225&#038;ssl=1\" alt=\"Epicerie fine et ap\u00e9ro \u00e0 Aubagne\" width=\"300\" height=\"225\" \/><\/p>\n<p><img data-recalc-dims=\"1\" loading=\"lazy\" decoding=\"async\" class=\"alignnone size-medium wp-image-2143\" src=\"https:\/\/i0.wp.com\/lacaveetlebistrot.com\/wp-content\/uploads\/2022\/03\/20220324_155641-01.jpeg?resize=225%2C300&#038;ssl=1\" alt=\"Epicerie fine et Ap\u00e9ro \u00e0 Aubagne\" width=\"225\" height=\"300\" \/><\/p>\n<p><a href=\"https:\/\/lacaveetlebistrot.com\/index.php\/2022\/01\/19\/les-produits-timon-et-sourrieux-arrivent-chez-votre-caviste-a-aubagne\/\" target=\"_blank\" rel=\"noopener\">Nos produits Timon et Sourrieu<\/a><\/p>\n<h3>Comment se faire plaisir avec notre Epicerie fine et Ap\u00e9ro \u00e0 Aubagne<\/h3>\n<p>Nous pouvons vous pr\u00e9parer des colis, cadeaux ou box avec, mais vous pouvez \u00e9galement les d\u00e9guster sur place avec un bon verre de vin, conseill\u00e9 par notre caviste Thierry.<\/p>\n<p>Pour rappel nous organisons des soir\u00e9es d\u00e9gustation et lors de ces soir\u00e9es nous faisons d\u00e9couvrir certains de ces produits. Nous ouvrons \u00e9galement un club de d\u00e9gustation de spiritueux o\u00f9 vous pourrez \u00e9galement gouter \u00e0 notre \u00e9picerie fine.<\/p>\n<p><a href=\"https:\/\/www.facebook.com\/LaCaveetLeBistrot\/\" target=\"_blank\" rel=\"noopener\">Pour suivre notre activit\u00e9 sur Facebook<\/a><\/p>\n","protected":false},"excerpt":{"rendered":"<p>Les produits Epicerie fine et Ap\u00e9ro \u00e0 Aubagne \u00e0 la Cave et le Bistrot (face \u00e0 la gare).<\/p>\n","protected":false},"author":1,"featured_media":2145,"comment_status":"open","ping_status":"open","sticky":false,"template":"","format":"standard","meta":{"_jetpack_memberships_contains_paid_content":false,"footnotes":""},"categories":[55],"tags":[],"class_list":["post-2137","post","type-post","status-publish","format-standard","has-post-thumbnail","hentry","category-epicerie-fine-et-apero"],"yoast_head":"<!-- This site is optimized with the Yoast SEO plugin v26.3 - https:\/\/yoast.com\/wordpress\/plugins\/seo\/ -->\n<title>Epicerie fine et Ap\u00e9ro \u00e0 Aubagne - La Cave et le Bistrot<\/title>\n<meta name=\"description\" content=\"Vous d\u00e9sirez passer un bon moment avec vos amis ? Nous vous proposons notre gamme d&#039;Epicerie fine et Ap\u00e9ro \u00e0 Aubagne (face \u00e0 la gare).\" \/>\n<meta name=\"robots\" content=\"index, follow, max-snippet:-1, max-image-preview:large, max-video-preview:-1\" \/>\n<link rel=\"canonical\" href=\"https:\/\/lacaveetlebistrot.com\/index.php\/2022\/03\/24\/epicerie-fine-et-apero-aaubagne\/\" \/>\n<meta property=\"og:locale\" content=\"fr_FR\" \/>\n<meta property=\"og:type\" content=\"article\" \/>\n<meta property=\"og:title\" content=\"Epicerie fine et Ap\u00e9ro \u00e0 Aubagne - La Cave et le Bistrot\" \/>\n<meta property=\"og:description\" content=\"Vous d\u00e9sirez passer un bon moment avec vos amis ? Nous vous proposons notre gamme d&#039;Epicerie fine et Ap\u00e9ro \u00e0 Aubagne (face \u00e0 la gare).\" \/>\n<meta property=\"og:url\" content=\"https:\/\/lacaveetlebistrot.com\/index.php\/2022\/03\/24\/epicerie-fine-et-apero-aaubagne\/\" \/>\n<meta property=\"og:site_name\" content=\"La Cave et le Bistrot\" \/>\n<meta property=\"article:publisher\" content=\"https:\/\/www.facebook.com\/LaCaveetLeBistrot\" \/>\n<meta property=\"article:published_time\" content=\"2022-03-24T15:17:53+00:00\" \/>\n<meta property=\"article:modified_time\" content=\"2022-03-24T15:20:17+00:00\" \/>\n<meta property=\"og:image\" content=\"https:\/\/i0.wp.com\/lacaveetlebistrot.com\/wp-content\/uploads\/2022\/03\/20220324_161524-01-scaled-e1648135014247.jpeg?fit=1600%2C1200&ssl=1\" \/>\n\t<meta property=\"og:image:width\" content=\"1600\" \/>\n\t<meta property=\"og:image:height\" content=\"1200\" \/>\n\t<meta property=\"og:image:type\" content=\"image\/jpeg\" \/>\n<meta name=\"author\" content=\"lacavedethierry\" \/>\n<meta name=\"twitter:card\" content=\"summary_large_image\" \/>\n<meta name=\"twitter:label1\" content=\"\u00c9crit par\" \/>\n\t<meta name=\"twitter:data1\" content=\"lacavedethierry\" \/>\n\t<meta name=\"twitter:label2\" content=\"Dur\u00e9e de lecture estim\u00e9e\" \/>\n\t<meta name=\"twitter:data2\" content=\"3 minutes\" \/>\n<script type=\"application\/ld+json\" class=\"yoast-schema-graph\">{\"@context\":\"https:\/\/schema.org\",\"@graph\":[{\"@type\":\"Article\",\"@id\":\"https:\/\/lacaveetlebistrot.com\/index.php\/2022\/03\/24\/epicerie-fine-et-apero-aaubagne\/#article\",\"isPartOf\":{\"@id\":\"https:\/\/lacaveetlebistrot.com\/index.php\/2022\/03\/24\/epicerie-fine-et-apero-aaubagne\/\"},\"author\":{\"name\":\"lacavedethierry\",\"@id\":\"https:\/\/lacaveetlebistrot.com\/#\/schema\/person\/ae9d594f71c9aaee402752517006c63c\"},\"headline\":\"Epicerie fine et Ap\u00e9ro \u00e0 Aubagne\",\"datePublished\":\"2022-03-24T15:17:53+00:00\",\"dateModified\":\"2022-03-24T15:20:17+00:00\",\"mainEntityOfPage\":{\"@id\":\"https:\/\/lacaveetlebistrot.com\/index.php\/2022\/03\/24\/epicerie-fine-et-apero-aaubagne\/\"},\"wordCount\":272,\"commentCount\":0,\"publisher\":{\"@id\":\"https:\/\/lacaveetlebistrot.com\/#organization\"},\"image\":{\"@id\":\"https:\/\/lacaveetlebistrot.com\/index.php\/2022\/03\/24\/epicerie-fine-et-apero-aaubagne\/#primaryimage\"},\"thumbnailUrl\":\"https:\/\/i0.wp.com\/lacaveetlebistrot.com\/wp-content\/uploads\/2022\/03\/20220324_161524-01-scaled-e1648135014247.jpeg?fit=1600%2C1200&ssl=1\",\"articleSection\":[\"Epicerie fine et Ap\u00e9ro\"],\"inLanguage\":\"fr-FR\",\"potentialAction\":[{\"@type\":\"CommentAction\",\"name\":\"Comment\",\"target\":[\"https:\/\/lacaveetlebistrot.com\/index.php\/2022\/03\/24\/epicerie-fine-et-apero-aaubagne\/#respond\"]}]},{\"@type\":\"WebPage\",\"@id\":\"https:\/\/lacaveetlebistrot.com\/index.php\/2022\/03\/24\/epicerie-fine-et-apero-aaubagne\/\",\"url\":\"https:\/\/lacaveetlebistrot.com\/index.php\/2022\/03\/24\/epicerie-fine-et-apero-aaubagne\/\",\"name\":\"Epicerie fine et Ap\u00e9ro \u00e0 Aubagne - La Cave et le Bistrot\",\"isPartOf\":{\"@id\":\"https:\/\/lacaveetlebistrot.com\/#website\"},\"primaryImageOfPage\":{\"@id\":\"https:\/\/lacaveetlebistrot.com\/index.php\/2022\/03\/24\/epicerie-fine-et-apero-aaubagne\/#primaryimage\"},\"image\":{\"@id\":\"https:\/\/lacaveetlebistrot.com\/index.php\/2022\/03\/24\/epicerie-fine-et-apero-aaubagne\/#primaryimage\"},\"thumbnailUrl\":\"https:\/\/i0.wp.com\/lacaveetlebistrot.com\/wp-content\/uploads\/2022\/03\/20220324_161524-01-scaled-e1648135014247.jpeg?fit=1600%2C1200&ssl=1\",\"datePublished\":\"2022-03-24T15:17:53+00:00\",\"dateModified\":\"2022-03-24T15:20:17+00:00\",\"description\":\"Vous d\u00e9sirez passer un bon moment avec vos amis ? Nous vous proposons notre gamme d'Epicerie fine et Ap\u00e9ro \u00e0 Aubagne (face \u00e0 la gare).\",\"breadcrumb\":{\"@id\":\"https:\/\/lacaveetlebistrot.com\/index.php\/2022\/03\/24\/epicerie-fine-et-apero-aaubagne\/#breadcrumb\"},\"inLanguage\":\"fr-FR\",\"potentialAction\":[{\"@type\":\"ReadAction\",\"target\":[\"https:\/\/lacaveetlebistrot.com\/index.php\/2022\/03\/24\/epicerie-fine-et-apero-aaubagne\/\"]}]},{\"@type\":\"ImageObject\",\"inLanguage\":\"fr-FR\",\"@id\":\"https:\/\/lacaveetlebistrot.com\/index.php\/2022\/03\/24\/epicerie-fine-et-apero-aaubagne\/#primaryimage\",\"url\":\"https:\/\/i0.wp.com\/lacaveetlebistrot.com\/wp-content\/uploads\/2022\/03\/20220324_161524-01-scaled-e1648135014247.jpeg?fit=1600%2C1200&ssl=1\",\"contentUrl\":\"https:\/\/i0.wp.com\/lacaveetlebistrot.com\/wp-content\/uploads\/2022\/03\/20220324_161524-01-scaled-e1648135014247.jpeg?fit=1600%2C1200&ssl=1\",\"width\":1600,\"height\":1200},{\"@type\":\"BreadcrumbList\",\"@id\":\"https:\/\/lacaveetlebistrot.com\/index.php\/2022\/03\/24\/epicerie-fine-et-apero-aaubagne\/#breadcrumb\",\"itemListElement\":[{\"@type\":\"ListItem\",\"position\":1,\"name\":\"Accueil\",\"item\":\"https:\/\/lacaveetlebistrot.com\/\"},{\"@type\":\"ListItem\",\"position\":2,\"name\":\"Epicerie fine et Ap\u00e9ro \u00e0 Aubagne\"}]},{\"@type\":\"WebSite\",\"@id\":\"https:\/\/lacaveetlebistrot.com\/#website\",\"url\":\"https:\/\/lacaveetlebistrot.com\/\",\"name\":\"La Cave et le Bistrot\",\"description\":\"La cave \u00e0 vin du centre ville d&#039;Aubagne\",\"publisher\":{\"@id\":\"https:\/\/lacaveetlebistrot.com\/#organization\"},\"potentialAction\":[{\"@type\":\"SearchAction\",\"target\":{\"@type\":\"EntryPoint\",\"urlTemplate\":\"https:\/\/lacaveetlebistrot.com\/?s={search_term_string}\"},\"query-input\":{\"@type\":\"PropertyValueSpecification\",\"valueRequired\":true,\"valueName\":\"search_term_string\"}}],\"inLanguage\":\"fr-FR\"},{\"@type\":\"Organization\",\"@id\":\"https:\/\/lacaveetlebistrot.com\/#organization\",\"name\":\"La Cave et le Bistrot\",\"alternateName\":\"Cave \u00e0 vin Aubagne\",\"url\":\"https:\/\/lacaveetlebistrot.com\/\",\"logo\":{\"@type\":\"ImageObject\",\"inLanguage\":\"fr-FR\",\"@id\":\"https:\/\/lacaveetlebistrot.com\/#\/schema\/logo\/image\/\",\"url\":\"https:\/\/i0.wp.com\/lacaveetlebistrot.com\/wp-content\/uploads\/2021\/12\/Logo-carre-e1642772598302.png?fit=548%2C572&ssl=1\",\"contentUrl\":\"https:\/\/i0.wp.com\/lacaveetlebistrot.com\/wp-content\/uploads\/2021\/12\/Logo-carre-e1642772598302.png?fit=548%2C572&ssl=1\",\"width\":548,\"height\":572,\"caption\":\"La Cave et le Bistrot\"},\"image\":{\"@id\":\"https:\/\/lacaveetlebistrot.com\/#\/schema\/logo\/image\/\"},\"sameAs\":[\"https:\/\/www.facebook.com\/LaCaveetLeBistrot\"]},{\"@type\":\"Person\",\"@id\":\"https:\/\/lacaveetlebistrot.com\/#\/schema\/person\/ae9d594f71c9aaee402752517006c63c\",\"name\":\"lacavedethierry\",\"image\":{\"@type\":\"ImageObject\",\"inLanguage\":\"fr-FR\",\"@id\":\"https:\/\/lacaveetlebistrot.com\/#\/schema\/person\/image\/\",\"url\":\"https:\/\/secure.gravatar.com\/avatar\/b9ba061fa4bff1690b72a325be2f4336f8aaa5c5aa77fade48bd9dd8bd8be007?s=96&d=mm&r=g\",\"contentUrl\":\"https:\/\/secure.gravatar.com\/avatar\/b9ba061fa4bff1690b72a325be2f4336f8aaa5c5aa77fade48bd9dd8bd8be007?s=96&d=mm&r=g\",\"caption\":\"lacavedethierry\"},\"url\":\"https:\/\/lacaveetlebistrot.com\/index.php\/author\/lacavedethierry\/\"}]}<\/script>\n<!-- \/ Yoast SEO plugin. -->","yoast_head_json":{"title":"Epicerie fine et Ap\u00e9ro \u00e0 Aubagne - La Cave et le Bistrot","description":"Vous d\u00e9sirez passer un bon moment avec vos amis ? Nous vous proposons notre gamme d'Epicerie fine et Ap\u00e9ro \u00e0 Aubagne (face \u00e0 la gare).","robots":{"index":"index","follow":"follow","max-snippet":"max-snippet:-1","max-image-preview":"max-image-preview:large","max-video-preview":"max-video-preview:-1"},"canonical":"https:\/\/lacaveetlebistrot.com\/index.php\/2022\/03\/24\/epicerie-fine-et-apero-aaubagne\/","og_locale":"fr_FR","og_type":"article","og_title":"Epicerie fine et Ap\u00e9ro \u00e0 Aubagne - La Cave et le Bistrot","og_description":"Vous d\u00e9sirez passer un bon moment avec vos amis ? Nous vous proposons notre gamme d'Epicerie fine et Ap\u00e9ro \u00e0 Aubagne (face \u00e0 la gare).","og_url":"https:\/\/lacaveetlebistrot.com\/index.php\/2022\/03\/24\/epicerie-fine-et-apero-aaubagne\/","og_site_name":"La Cave et le Bistrot","article_publisher":"https:\/\/www.facebook.com\/LaCaveetLeBistrot","article_published_time":"2022-03-24T15:17:53+00:00","article_modified_time":"2022-03-24T15:20:17+00:00","og_image":[{"width":1600,"height":1200,"url":"https:\/\/i0.wp.com\/lacaveetlebistrot.com\/wp-content\/uploads\/2022\/03\/20220324_161524-01-scaled-e1648135014247.jpeg?fit=1600%2C1200&ssl=1","type":"image\/jpeg"}],"author":"lacavedethierry","twitter_card":"summary_large_image","twitter_misc":{"\u00c9crit par":"lacavedethierry","Dur\u00e9e de lecture estim\u00e9e":"3 minutes"},"schema":{"@context":"https:\/\/schema.org","@graph":[{"@type":"Article","@id":"https:\/\/lacaveetlebistrot.com\/index.php\/2022\/03\/24\/epicerie-fine-et-apero-aaubagne\/#article","isPartOf":{"@id":"https:\/\/lacaveetlebistrot.com\/index.php\/2022\/03\/24\/epicerie-fine-et-apero-aaubagne\/"},"author":{"name":"lacavedethierry","@id":"https:\/\/lacaveetlebistrot.com\/#\/schema\/person\/ae9d594f71c9aaee402752517006c63c"},"headline":"Epicerie fine et Ap\u00e9ro \u00e0 Aubagne","datePublished":"2022-03-24T15:17:53+00:00","dateModified":"2022-03-24T15:20:17+00:00","mainEntityOfPage":{"@id":"https:\/\/lacaveetlebistrot.com\/index.php\/2022\/03\/24\/epicerie-fine-et-apero-aaubagne\/"},"wordCount":272,"commentCount":0,"publisher":{"@id":"https:\/\/lacaveetlebistrot.com\/#organization"},"image":{"@id":"https:\/\/lacaveetlebistrot.com\/index.php\/2022\/03\/24\/epicerie-fine-et-apero-aaubagne\/#primaryimage"},"thumbnailUrl":"https:\/\/i0.wp.com\/lacaveetlebistrot.com\/wp-content\/uploads\/2022\/03\/20220324_161524-01-scaled-e1648135014247.jpeg?fit=1600%2C1200&ssl=1","articleSection":["Epicerie fine et Ap\u00e9ro"],"inLanguage":"fr-FR","potentialAction":[{"@type":"CommentAction","name":"Comment","target":["https:\/\/lacaveetlebistrot.com\/index.php\/2022\/03\/24\/epicerie-fine-et-apero-aaubagne\/#respond"]}]},{"@type":"WebPage","@id":"https:\/\/lacaveetlebistrot.com\/index.php\/2022\/03\/24\/epicerie-fine-et-apero-aaubagne\/","url":"https:\/\/lacaveetlebistrot.com\/index.php\/2022\/03\/24\/epicerie-fine-et-apero-aaubagne\/","name":"Epicerie fine et Ap\u00e9ro \u00e0 Aubagne - La Cave et le Bistrot","isPartOf":{"@id":"https:\/\/lacaveetlebistrot.com\/#website"},"primaryImageOfPage":{"@id":"https:\/\/lacaveetlebistrot.com\/index.php\/2022\/03\/24\/epicerie-fine-et-apero-aaubagne\/#primaryimage"},"image":{"@id":"https:\/\/lacaveetlebistrot.com\/index.php\/2022\/03\/24\/epicerie-fine-et-apero-aaubagne\/#primaryimage"},"thumbnailUrl":"https:\/\/i0.wp.com\/lacaveetlebistrot.com\/wp-content\/uploads\/2022\/03\/20220324_161524-01-scaled-e1648135014247.jpeg?fit=1600%2C1200&ssl=1","datePublished":"2022-03-24T15:17:53+00:00","dateModified":"2022-03-24T15:20:17+00:00","description":"Vous d\u00e9sirez passer un bon moment avec vos amis ? Nous vous proposons notre gamme d'Epicerie fine et Ap\u00e9ro \u00e0 Aubagne (face \u00e0 la gare).","breadcrumb":{"@id":"https:\/\/lacaveetlebistrot.com\/index.php\/2022\/03\/24\/epicerie-fine-et-apero-aaubagne\/#breadcrumb"},"inLanguage":"fr-FR","potentialAction":[{"@type":"ReadAction","target":["https:\/\/lacaveetlebistrot.com\/index.php\/2022\/03\/24\/epicerie-fine-et-apero-aaubagne\/"]}]},{"@type":"ImageObject","inLanguage":"fr-FR","@id":"https:\/\/lacaveetlebistrot.com\/index.php\/2022\/03\/24\/epicerie-fine-et-apero-aaubagne\/#primaryimage","url":"https:\/\/i0.wp.com\/lacaveetlebistrot.com\/wp-content\/uploads\/2022\/03\/20220324_161524-01-scaled-e1648135014247.jpeg?fit=1600%2C1200&ssl=1","contentUrl":"https:\/\/i0.wp.com\/lacaveetlebistrot.com\/wp-content\/uploads\/2022\/03\/20220324_161524-01-scaled-e1648135014247.jpeg?fit=1600%2C1200&ssl=1","width":1600,"height":1200},{"@type":"BreadcrumbList","@id":"https:\/\/lacaveetlebistrot.com\/index.php\/2022\/03\/24\/epicerie-fine-et-apero-aaubagne\/#breadcrumb","itemListElement":[{"@type":"ListItem","position":1,"name":"Accueil","item":"https:\/\/lacaveetlebistrot.com\/"},{"@type":"ListItem","position":2,"name":"Epicerie fine et Ap\u00e9ro \u00e0 Aubagne"}]},{"@type":"WebSite","@id":"https:\/\/lacaveetlebistrot.com\/#website","url":"https:\/\/lacaveetlebistrot.com\/","name":"La Cave et le Bistrot","description":"La cave \u00e0 vin du centre ville d&#039;Aubagne","publisher":{"@id":"https:\/\/lacaveetlebistrot.com\/#organization"},"potentialAction":[{"@type":"SearchAction","target":{"@type":"EntryPoint","urlTemplate":"https:\/\/lacaveetlebistrot.com\/?s={search_term_string}"},"query-input":{"@type":"PropertyValueSpecification","valueRequired":true,"valueName":"search_term_string"}}],"inLanguage":"fr-FR"},{"@type":"Organization","@id":"https:\/\/lacaveetlebistrot.com\/#organization","name":"La Cave et le Bistrot","alternateName":"Cave \u00e0 vin Aubagne","url":"https:\/\/lacaveetlebistrot.com\/","logo":{"@type":"ImageObject","inLanguage":"fr-FR","@id":"https:\/\/lacaveetlebistrot.com\/#\/schema\/logo\/image\/","url":"https:\/\/i0.wp.com\/lacaveetlebistrot.com\/wp-content\/uploads\/2021\/12\/Logo-carre-e1642772598302.png?fit=548%2C572&ssl=1","contentUrl":"https:\/\/i0.wp.com\/lacaveetlebistrot.com\/wp-content\/uploads\/2021\/12\/Logo-carre-e1642772598302.png?fit=548%2C572&ssl=1","width":548,"height":572,"caption":"La Cave et le Bistrot"},"image":{"@id":"https:\/\/lacaveetlebistrot.com\/#\/schema\/logo\/image\/"},"sameAs":["https:\/\/www.facebook.com\/LaCaveetLeBistrot"]},{"@type":"Person","@id":"https:\/\/lacaveetlebistrot.com\/#\/schema\/person\/ae9d594f71c9aaee402752517006c63c","name":"lacavedethierry","image":{"@type":"ImageObject","inLanguage":"fr-FR","@id":"https:\/\/lacaveetlebistrot.com\/#\/schema\/person\/image\/","url":"https:\/\/secure.gravatar.com\/avatar\/b9ba061fa4bff1690b72a325be2f4336f8aaa5c5aa77fade48bd9dd8bd8be007?s=96&d=mm&r=g","contentUrl":"https:\/\/secure.gravatar.com\/avatar\/b9ba061fa4bff1690b72a325be2f4336f8aaa5c5aa77fade48bd9dd8bd8be007?s=96&d=mm&r=g","caption":"lacavedethierry"},"url":"https:\/\/lacaveetlebistrot.com\/index.php\/author\/lacavedethierry\/"}]}},"jetpack_featured_media_url":"https:\/\/i0.wp.com\/lacaveetlebistrot.com\/wp-content\/uploads\/2022\/03\/20220324_161524-01-scaled-e1648135014247.jpeg?fit=1600%2C1200&ssl=1","jetpack-related-posts":[],"jetpack_sharing_enabled":true,"_links":{"self":[{"href":"https:\/\/lacaveetlebistrot.com\/index.php\/wp-json\/wp\/v2\/posts\/2137","targetHints":{"allow":["GET"]}}],"collection":[{"href":"https:\/\/lacaveetlebistrot.com\/index.php\/wp-json\/wp\/v2\/posts"}],"about":[{"href":"https:\/\/lacaveetlebistrot.com\/index.php\/wp-json\/wp\/v2\/types\/post"}],"author":[{"embeddable":true,"href":"https:\/\/lacaveetlebistrot.com\/index.php\/wp-json\/wp\/v2\/users\/1"}],"replies":[{"embeddable":true,"href":"https:\/\/lacaveetlebistrot.com\/index.php\/wp-json\/wp\/v2\/comments?post=2137"}],"version-history":[{"count":2,"href":"https:\/\/lacaveetlebistrot.com\/index.php\/wp-json\/wp\/v2\/posts\/2137\/revisions"}],"predecessor-version":[{"id":2147,"href":"https:\/\/lacaveetlebistrot.com\/index.php\/wp-json\/wp\/v2\/posts\/2137\/revisions\/2147"}],"wp:featuredmedia":[{"embeddable":true,"href":"https:\/\/lacaveetlebistrot.com\/index.php\/wp-json\/wp\/v2\/media\/2145"}],"wp:attachment":[{"href":"https:\/\/lacaveetlebistrot.com\/index.php\/wp-json\/wp\/v2\/media?parent=2137"}],"wp:term":[{"taxonomy":"category","embeddable":true,"href":"https:\/\/lacaveetlebistrot.com\/index.php\/wp-json\/wp\/v2\/categories?post=2137"},{"taxonomy":"post_tag","embeddable":true,"href":"https:\/\/lacaveetlebistrot.com\/index.php\/wp-json\/wp\/v2\/tags?post=2137"}],"curies":[{"name":"wp","href":"https:\/\/api.w.org\/{rel}","templated":true}]}}