{"id":2065,"date":"2022-03-01T18:15:37","date_gmt":"2022-03-01T17:15:37","guid":{"rendered":"https:\/\/lacaveetlebistrot.com\/?p=2065"},"modified":"2022-03-02T17:53:45","modified_gmt":"2022-03-02T16:53:45","slug":"les-cote-rotie-francois-et-fils","status":"publish","type":"post","link":"https:\/\/lacaveetlebistrot.com\/index.php\/2022\/03\/01\/les-cote-rotie-francois-et-fils\/","title":{"rendered":"Les C\u00f4te R\u00f4tie Fran\u00e7ois et Fils"},"content":{"rendered":"<p><img data-recalc-dims=\"1\" loading=\"lazy\" decoding=\"async\" class=\"alignnone wp-image-2066 size-medium\" src=\"https:\/\/i0.wp.com\/lacaveetlebistrot.com\/wp-content\/uploads\/2022\/03\/20220222_105907-01.jpeg?resize=300%2C225&#038;ssl=1\" alt=\"C\u00f4te R\u00f4tie Fran\u00e7ois et Fils\" width=\"300\" height=\"225\" \/><\/p>\n<h1>Les C\u00f4te R\u00f4tie Fran\u00e7ois et Fils<\/h1>\n<p>Retrouvez les Vins de la Famille Fran\u00e7ois dans votre cave \u00e0 vin en centre ville d&rsquo;Aubagne (face \u00e0 la gare).<\/p>\n<p>Voil\u00e0 trois p\u00e9pites en C\u00f4te R\u00f4tie que nous ne sommes pas peu fiers d&rsquo;avoir d\u00e9couvert lors de nos p\u00e9r\u00e9grinations \u00e0 Ampuis.<\/p>\n<p><img data-recalc-dims=\"1\" loading=\"lazy\" decoding=\"async\" class=\"alignnone wp-image-2067 size-medium\" src=\"https:\/\/i0.wp.com\/lacaveetlebistrot.com\/wp-content\/uploads\/2022\/03\/20220301_174031-01.jpeg?resize=300%2C225&#038;ssl=1\" alt=\"La C\u00f4te R\u00f4tie la plus accessible. \" width=\"300\" height=\"225\" \/><\/p>\n<h3>La cuv\u00e9e domaine avec son m\u00e9lange d&rsquo;\u00e9pices, son fruit intense et son \u00e9levage tout en subtilit\u00e9. La bouche est g\u00e9n\u00e9reuse et de belle longueur. il accompagnera parfaitement une belle c\u00f4te de b\u0153uf ou un gigot d&rsquo;agneau. Une parfaite approche de la Syrah et des vins de la vall\u00e9e du Rh\u00f4ne nord.<\/h3>\n<p><img data-recalc-dims=\"1\" loading=\"lazy\" decoding=\"async\" class=\"alignnone wp-image-2068 size-medium\" src=\"https:\/\/i0.wp.com\/lacaveetlebistrot.com\/wp-content\/uploads\/2022\/03\/20220301_174102-01.jpeg?resize=300%2C225&#038;ssl=1\" alt=\"Une merveille de C\u00f4te R\u00f4tie \" width=\"300\" height=\"225\" \/><\/p>\n<h3>La cuv\u00e9e Rozier (en C\u00f4te Brune) et son nez de fruits noirs et de poivre. Sa bouche gourmande et complexe se mariera parfaitement avec des viandes de caract\u00e8res et des gibiers.<\/h3>\n<p><img data-recalc-dims=\"1\" loading=\"lazy\" decoding=\"async\" class=\"alignnone wp-image-2069 size-medium\" src=\"https:\/\/i0.wp.com\/lacaveetlebistrot.com\/wp-content\/uploads\/2022\/03\/20220301_171637-01.jpeg?resize=300%2C225&#038;ssl=1\" alt=\"La plus rare des 3 C\u00f4te R\u00f4tie Fran\u00e7ois et fils\" width=\"300\" height=\"225\" \/><\/p>\n<h3>Les Rochins ou la p\u00e9pite des p\u00e9pites. De par sa raret\u00e9 ou son incroyable jus, c&rsquo;est la bouteille \u00e0 avoir dans sa cave pour tout amateur de C\u00f4te R\u00f4tie. Un nez, puissant et complexe sur des notes de fruits m\u00fbrs et des \u00e9pices d\u00e9licates et une belle attaque en bouche sur la densit\u00e9, pour finir soyeuse et rac\u00e9e, les tanins sont structurants et souples.<br \/>\nUne Merveille pour les amateurs de bons vins !!!!<\/h3>\n<p>C&rsquo;est en empruntant la \u00ab\u00a0Route de Rozier\u00a0\u00bb qui serpente sur l&rsquo;un des plus beau c\u00f4teau de C\u00f4te-R\u00f4tie, que l&rsquo;on acc\u00e8de au domaine C\u00f4te R\u00f4tie Fran\u00e7ois et fils.<br \/>\nC&rsquo;est en 2004 que Yoann rejoint ses parents avec l&rsquo;envie de d\u00e9velopper l&rsquo;activit\u00e9 viticole et la bouteille notamment. Cela se traduit par des plantations nouvelles, la construction d&rsquo;un nouveau chai ainsi que l&rsquo;acquisition de nouveaux mat\u00e9riels.<br \/>\nEn 2015 , Erwan rejoint son fr\u00e8re.<br \/>\nAujourd&rsquo;hui, c&rsquo;est toujours une double activit\u00e9 qui continue :<\/p>\n<ul>\n<li>Un \u00e9levage de 25 vaches laiti\u00e8res avec toutes les cultures associ\u00e9es pour l&rsquo;auto-suffisance des animaux sur une cinquantaine d&rsquo;hectares de prairies, c\u00e9r\u00e9ales tel que bl\u00e9, orge, ma\u00efs. La transformation fromag\u00e8re d&rsquo;une partie du lait est vendue directement sur les march\u00e9s locaux.<\/li>\n<li>Le domaine viticole repr\u00e9sente un peu plus de 6 ha principalement en Appellation C\u00f4te-R\u00f4tie mais \u00e9galement Condrieu et IGP des Collines Rhodaniennes Une partie de vignes en C\u00f4te-R\u00f4tie sont des plantations nouvelles et ne produisent pas encore.<br \/>\n<a href=\"https:\/\/www.coterotie-francoisetfils.com\/\" target=\"_blank\" rel=\"noopener\">Le domaine Fran\u00e7ois et fils<\/a><\/li>\n<\/ul>\n<h2><a href=\"https:\/\/lacaveetlebistrot.com\/index.php\/contact\/\" data-wplink-edit=\"true\">Vous en voulez ?<\/a><\/h2>\n","protected":false},"excerpt":{"rendered":"<p>Les C\u00f4te R\u00f4tie de Fran\u00e7ois et fils arrivent dans votre cave du centre ville d&rsquo;Aubagne. <\/p>\n","protected":false},"author":1,"featured_media":2066,"comment_status":"open","ping_status":"open","sticky":false,"template":"","format":"standard","meta":{"_jetpack_memberships_contains_paid_content":false,"footnotes":""},"categories":[23],"tags":[51],"class_list":["post-2065","post","type-post","status-publish","format-standard","has-post-thumbnail","hentry","category-la-cave-a-vin","tag-cote-rotie-francois-et-fils"],"yoast_head":"<!-- This site is optimized with the Yoast SEO plugin v26.3 - https:\/\/yoast.com\/wordpress\/plugins\/seo\/ -->\n<title>Les C\u00f4te R\u00f4tie Fran\u00e7ois et Fils - La Cave et le Bistrot<\/title>\n<meta name=\"description\" content=\"Les C\u00f4te R\u00f4tie Fran\u00e7ois et fils arrivent chez votre caviste dans la cave \u00e0 vin au centre ville d&#039;Aubagne (face \u00e0 la gare).\" \/>\n<meta name=\"robots\" content=\"index, follow, max-snippet:-1, max-image-preview:large, max-video-preview:-1\" \/>\n<link rel=\"canonical\" href=\"https:\/\/lacaveetlebistrot.com\/index.php\/2022\/03\/01\/les-cote-rotie-francois-et-fils\/\" \/>\n<meta property=\"og:locale\" content=\"fr_FR\" \/>\n<meta property=\"og:type\" content=\"article\" \/>\n<meta property=\"og:title\" content=\"Les C\u00f4te R\u00f4tie Fran\u00e7ois et Fils - La Cave et le Bistrot\" \/>\n<meta property=\"og:description\" content=\"Les C\u00f4te R\u00f4tie Fran\u00e7ois et fils arrivent chez votre caviste dans la cave \u00e0 vin au centre ville d&#039;Aubagne (face \u00e0 la gare).\" \/>\n<meta property=\"og:url\" content=\"https:\/\/lacaveetlebistrot.com\/index.php\/2022\/03\/01\/les-cote-rotie-francois-et-fils\/\" \/>\n<meta property=\"og:site_name\" content=\"La Cave et le Bistrot\" \/>\n<meta property=\"article:publisher\" content=\"https:\/\/www.facebook.com\/LaCaveetLeBistrot\" \/>\n<meta property=\"article:published_time\" content=\"2022-03-01T17:15:37+00:00\" \/>\n<meta property=\"article:modified_time\" content=\"2022-03-02T16:53:45+00:00\" \/>\n<meta property=\"og:image\" content=\"https:\/\/i0.wp.com\/lacaveetlebistrot.com\/wp-content\/uploads\/2022\/03\/20220222_105907-01-scaled-e1646151560979.jpeg?fit=1600%2C1200&ssl=1\" \/>\n\t<meta property=\"og:image:width\" content=\"1600\" \/>\n\t<meta property=\"og:image:height\" content=\"1200\" \/>\n\t<meta property=\"og:image:type\" content=\"image\/jpeg\" \/>\n<meta name=\"author\" content=\"lacavedethierry\" \/>\n<meta name=\"twitter:card\" content=\"summary_large_image\" \/>\n<meta name=\"twitter:label1\" content=\"\u00c9crit par\" \/>\n\t<meta name=\"twitter:data1\" content=\"lacavedethierry\" \/>\n\t<meta name=\"twitter:label2\" content=\"Dur\u00e9e de lecture estim\u00e9e\" \/>\n\t<meta name=\"twitter:data2\" content=\"3 minutes\" \/>\n<script type=\"application\/ld+json\" class=\"yoast-schema-graph\">{\"@context\":\"https:\/\/schema.org\",\"@graph\":[{\"@type\":\"Article\",\"@id\":\"https:\/\/lacaveetlebistrot.com\/index.php\/2022\/03\/01\/les-cote-rotie-francois-et-fils\/#article\",\"isPartOf\":{\"@id\":\"https:\/\/lacaveetlebistrot.com\/index.php\/2022\/03\/01\/les-cote-rotie-francois-et-fils\/\"},\"author\":{\"name\":\"lacavedethierry\",\"@id\":\"https:\/\/lacaveetlebistrot.com\/#\/schema\/person\/ae9d594f71c9aaee402752517006c63c\"},\"headline\":\"Les C\u00f4te R\u00f4tie Fran\u00e7ois et Fils\",\"datePublished\":\"2022-03-01T17:15:37+00:00\",\"dateModified\":\"2022-03-02T16:53:45+00:00\",\"mainEntityOfPage\":{\"@id\":\"https:\/\/lacaveetlebistrot.com\/index.php\/2022\/03\/01\/les-cote-rotie-francois-et-fils\/\"},\"wordCount\":417,\"commentCount\":0,\"publisher\":{\"@id\":\"https:\/\/lacaveetlebistrot.com\/#organization\"},\"image\":{\"@id\":\"https:\/\/lacaveetlebistrot.com\/index.php\/2022\/03\/01\/les-cote-rotie-francois-et-fils\/#primaryimage\"},\"thumbnailUrl\":\"https:\/\/i0.wp.com\/lacaveetlebistrot.com\/wp-content\/uploads\/2022\/03\/20220222_105907-01-scaled-e1646151560979.jpeg?fit=1600%2C1200&ssl=1\",\"keywords\":[\"C\u00f4te R\u00f4tie Fran\u00e7ois et fils\"],\"articleSection\":[\"La cave \u00e0 vin\"],\"inLanguage\":\"fr-FR\",\"potentialAction\":[{\"@type\":\"CommentAction\",\"name\":\"Comment\",\"target\":[\"https:\/\/lacaveetlebistrot.com\/index.php\/2022\/03\/01\/les-cote-rotie-francois-et-fils\/#respond\"]}]},{\"@type\":\"WebPage\",\"@id\":\"https:\/\/lacaveetlebistrot.com\/index.php\/2022\/03\/01\/les-cote-rotie-francois-et-fils\/\",\"url\":\"https:\/\/lacaveetlebistrot.com\/index.php\/2022\/03\/01\/les-cote-rotie-francois-et-fils\/\",\"name\":\"Les C\u00f4te R\u00f4tie Fran\u00e7ois et Fils - La Cave et le Bistrot\",\"isPartOf\":{\"@id\":\"https:\/\/lacaveetlebistrot.com\/#website\"},\"primaryImageOfPage\":{\"@id\":\"https:\/\/lacaveetlebistrot.com\/index.php\/2022\/03\/01\/les-cote-rotie-francois-et-fils\/#primaryimage\"},\"image\":{\"@id\":\"https:\/\/lacaveetlebistrot.com\/index.php\/2022\/03\/01\/les-cote-rotie-francois-et-fils\/#primaryimage\"},\"thumbnailUrl\":\"https:\/\/i0.wp.com\/lacaveetlebistrot.com\/wp-content\/uploads\/2022\/03\/20220222_105907-01-scaled-e1646151560979.jpeg?fit=1600%2C1200&ssl=1\",\"datePublished\":\"2022-03-01T17:15:37+00:00\",\"dateModified\":\"2022-03-02T16:53:45+00:00\",\"description\":\"Les C\u00f4te R\u00f4tie Fran\u00e7ois et fils arrivent chez votre caviste dans la cave \u00e0 vin au centre ville d'Aubagne (face \u00e0 la gare).\",\"breadcrumb\":{\"@id\":\"https:\/\/lacaveetlebistrot.com\/index.php\/2022\/03\/01\/les-cote-rotie-francois-et-fils\/#breadcrumb\"},\"inLanguage\":\"fr-FR\",\"potentialAction\":[{\"@type\":\"ReadAction\",\"target\":[\"https:\/\/lacaveetlebistrot.com\/index.php\/2022\/03\/01\/les-cote-rotie-francois-et-fils\/\"]}]},{\"@type\":\"ImageObject\",\"inLanguage\":\"fr-FR\",\"@id\":\"https:\/\/lacaveetlebistrot.com\/index.php\/2022\/03\/01\/les-cote-rotie-francois-et-fils\/#primaryimage\",\"url\":\"https:\/\/i0.wp.com\/lacaveetlebistrot.com\/wp-content\/uploads\/2022\/03\/20220222_105907-01-scaled-e1646151560979.jpeg?fit=1600%2C1200&ssl=1\",\"contentUrl\":\"https:\/\/i0.wp.com\/lacaveetlebistrot.com\/wp-content\/uploads\/2022\/03\/20220222_105907-01-scaled-e1646151560979.jpeg?fit=1600%2C1200&ssl=1\",\"width\":1600,\"height\":1200},{\"@type\":\"BreadcrumbList\",\"@id\":\"https:\/\/lacaveetlebistrot.com\/index.php\/2022\/03\/01\/les-cote-rotie-francois-et-fils\/#breadcrumb\",\"itemListElement\":[{\"@type\":\"ListItem\",\"position\":1,\"name\":\"Accueil\",\"item\":\"https:\/\/lacaveetlebistrot.com\/\"},{\"@type\":\"ListItem\",\"position\":2,\"name\":\"Les C\u00f4te R\u00f4tie Fran\u00e7ois et Fils\"}]},{\"@type\":\"WebSite\",\"@id\":\"https:\/\/lacaveetlebistrot.com\/#website\",\"url\":\"https:\/\/lacaveetlebistrot.com\/\",\"name\":\"La Cave et le Bistrot\",\"description\":\"La cave \u00e0 vin du centre ville d&#039;Aubagne\",\"publisher\":{\"@id\":\"https:\/\/lacaveetlebistrot.com\/#organization\"},\"potentialAction\":[{\"@type\":\"SearchAction\",\"target\":{\"@type\":\"EntryPoint\",\"urlTemplate\":\"https:\/\/lacaveetlebistrot.com\/?s={search_term_string}\"},\"query-input\":{\"@type\":\"PropertyValueSpecification\",\"valueRequired\":true,\"valueName\":\"search_term_string\"}}],\"inLanguage\":\"fr-FR\"},{\"@type\":\"Organization\",\"@id\":\"https:\/\/lacaveetlebistrot.com\/#organization\",\"name\":\"La Cave et le Bistrot\",\"alternateName\":\"Cave \u00e0 vin Aubagne\",\"url\":\"https:\/\/lacaveetlebistrot.com\/\",\"logo\":{\"@type\":\"ImageObject\",\"inLanguage\":\"fr-FR\",\"@id\":\"https:\/\/lacaveetlebistrot.com\/#\/schema\/logo\/image\/\",\"url\":\"https:\/\/i0.wp.com\/lacaveetlebistrot.com\/wp-content\/uploads\/2021\/12\/Logo-carre-e1642772598302.png?fit=548%2C572&ssl=1\",\"contentUrl\":\"https:\/\/i0.wp.com\/lacaveetlebistrot.com\/wp-content\/uploads\/2021\/12\/Logo-carre-e1642772598302.png?fit=548%2C572&ssl=1\",\"width\":548,\"height\":572,\"caption\":\"La Cave et le Bistrot\"},\"image\":{\"@id\":\"https:\/\/lacaveetlebistrot.com\/#\/schema\/logo\/image\/\"},\"sameAs\":[\"https:\/\/www.facebook.com\/LaCaveetLeBistrot\"]},{\"@type\":\"Person\",\"@id\":\"https:\/\/lacaveetlebistrot.com\/#\/schema\/person\/ae9d594f71c9aaee402752517006c63c\",\"name\":\"lacavedethierry\",\"image\":{\"@type\":\"ImageObject\",\"inLanguage\":\"fr-FR\",\"@id\":\"https:\/\/lacaveetlebistrot.com\/#\/schema\/person\/image\/\",\"url\":\"https:\/\/secure.gravatar.com\/avatar\/b9ba061fa4bff1690b72a325be2f4336f8aaa5c5aa77fade48bd9dd8bd8be007?s=96&d=mm&r=g\",\"contentUrl\":\"https:\/\/secure.gravatar.com\/avatar\/b9ba061fa4bff1690b72a325be2f4336f8aaa5c5aa77fade48bd9dd8bd8be007?s=96&d=mm&r=g\",\"caption\":\"lacavedethierry\"},\"url\":\"https:\/\/lacaveetlebistrot.com\/index.php\/author\/lacavedethierry\/\"}]}<\/script>\n<!-- \/ Yoast SEO plugin. -->","yoast_head_json":{"title":"Les C\u00f4te R\u00f4tie Fran\u00e7ois et Fils - La Cave et le Bistrot","description":"Les C\u00f4te R\u00f4tie Fran\u00e7ois et fils arrivent chez votre caviste dans la cave \u00e0 vin au centre ville d'Aubagne (face \u00e0 la gare).","robots":{"index":"index","follow":"follow","max-snippet":"max-snippet:-1","max-image-preview":"max-image-preview:large","max-video-preview":"max-video-preview:-1"},"canonical":"https:\/\/lacaveetlebistrot.com\/index.php\/2022\/03\/01\/les-cote-rotie-francois-et-fils\/","og_locale":"fr_FR","og_type":"article","og_title":"Les C\u00f4te R\u00f4tie Fran\u00e7ois et Fils - La Cave et le Bistrot","og_description":"Les C\u00f4te R\u00f4tie Fran\u00e7ois et fils arrivent chez votre caviste dans la cave \u00e0 vin au centre ville d'Aubagne (face \u00e0 la gare).","og_url":"https:\/\/lacaveetlebistrot.com\/index.php\/2022\/03\/01\/les-cote-rotie-francois-et-fils\/","og_site_name":"La Cave et le Bistrot","article_publisher":"https:\/\/www.facebook.com\/LaCaveetLeBistrot","article_published_time":"2022-03-01T17:15:37+00:00","article_modified_time":"2022-03-02T16:53:45+00:00","og_image":[{"width":1600,"height":1200,"url":"https:\/\/i0.wp.com\/lacaveetlebistrot.com\/wp-content\/uploads\/2022\/03\/20220222_105907-01-scaled-e1646151560979.jpeg?fit=1600%2C1200&ssl=1","type":"image\/jpeg"}],"author":"lacavedethierry","twitter_card":"summary_large_image","twitter_misc":{"\u00c9crit par":"lacavedethierry","Dur\u00e9e de lecture estim\u00e9e":"3 minutes"},"schema":{"@context":"https:\/\/schema.org","@graph":[{"@type":"Article","@id":"https:\/\/lacaveetlebistrot.com\/index.php\/2022\/03\/01\/les-cote-rotie-francois-et-fils\/#article","isPartOf":{"@id":"https:\/\/lacaveetlebistrot.com\/index.php\/2022\/03\/01\/les-cote-rotie-francois-et-fils\/"},"author":{"name":"lacavedethierry","@id":"https:\/\/lacaveetlebistrot.com\/#\/schema\/person\/ae9d594f71c9aaee402752517006c63c"},"headline":"Les C\u00f4te R\u00f4tie Fran\u00e7ois et Fils","datePublished":"2022-03-01T17:15:37+00:00","dateModified":"2022-03-02T16:53:45+00:00","mainEntityOfPage":{"@id":"https:\/\/lacaveetlebistrot.com\/index.php\/2022\/03\/01\/les-cote-rotie-francois-et-fils\/"},"wordCount":417,"commentCount":0,"publisher":{"@id":"https:\/\/lacaveetlebistrot.com\/#organization"},"image":{"@id":"https:\/\/lacaveetlebistrot.com\/index.php\/2022\/03\/01\/les-cote-rotie-francois-et-fils\/#primaryimage"},"thumbnailUrl":"https:\/\/i0.wp.com\/lacaveetlebistrot.com\/wp-content\/uploads\/2022\/03\/20220222_105907-01-scaled-e1646151560979.jpeg?fit=1600%2C1200&ssl=1","keywords":["C\u00f4te R\u00f4tie Fran\u00e7ois et fils"],"articleSection":["La cave \u00e0 vin"],"inLanguage":"fr-FR","potentialAction":[{"@type":"CommentAction","name":"Comment","target":["https:\/\/lacaveetlebistrot.com\/index.php\/2022\/03\/01\/les-cote-rotie-francois-et-fils\/#respond"]}]},{"@type":"WebPage","@id":"https:\/\/lacaveetlebistrot.com\/index.php\/2022\/03\/01\/les-cote-rotie-francois-et-fils\/","url":"https:\/\/lacaveetlebistrot.com\/index.php\/2022\/03\/01\/les-cote-rotie-francois-et-fils\/","name":"Les C\u00f4te R\u00f4tie Fran\u00e7ois et Fils - La Cave et le Bistrot","isPartOf":{"@id":"https:\/\/lacaveetlebistrot.com\/#website"},"primaryImageOfPage":{"@id":"https:\/\/lacaveetlebistrot.com\/index.php\/2022\/03\/01\/les-cote-rotie-francois-et-fils\/#primaryimage"},"image":{"@id":"https:\/\/lacaveetlebistrot.com\/index.php\/2022\/03\/01\/les-cote-rotie-francois-et-fils\/#primaryimage"},"thumbnailUrl":"https:\/\/i0.wp.com\/lacaveetlebistrot.com\/wp-content\/uploads\/2022\/03\/20220222_105907-01-scaled-e1646151560979.jpeg?fit=1600%2C1200&ssl=1","datePublished":"2022-03-01T17:15:37+00:00","dateModified":"2022-03-02T16:53:45+00:00","description":"Les C\u00f4te R\u00f4tie Fran\u00e7ois et fils arrivent chez votre caviste dans la cave \u00e0 vin au centre ville d'Aubagne (face \u00e0 la gare).","breadcrumb":{"@id":"https:\/\/lacaveetlebistrot.com\/index.php\/2022\/03\/01\/les-cote-rotie-francois-et-fils\/#breadcrumb"},"inLanguage":"fr-FR","potentialAction":[{"@type":"ReadAction","target":["https:\/\/lacaveetlebistrot.com\/index.php\/2022\/03\/01\/les-cote-rotie-francois-et-fils\/"]}]},{"@type":"ImageObject","inLanguage":"fr-FR","@id":"https:\/\/lacaveetlebistrot.com\/index.php\/2022\/03\/01\/les-cote-rotie-francois-et-fils\/#primaryimage","url":"https:\/\/i0.wp.com\/lacaveetlebistrot.com\/wp-content\/uploads\/2022\/03\/20220222_105907-01-scaled-e1646151560979.jpeg?fit=1600%2C1200&ssl=1","contentUrl":"https:\/\/i0.wp.com\/lacaveetlebistrot.com\/wp-content\/uploads\/2022\/03\/20220222_105907-01-scaled-e1646151560979.jpeg?fit=1600%2C1200&ssl=1","width":1600,"height":1200},{"@type":"BreadcrumbList","@id":"https:\/\/lacaveetlebistrot.com\/index.php\/2022\/03\/01\/les-cote-rotie-francois-et-fils\/#breadcrumb","itemListElement":[{"@type":"ListItem","position":1,"name":"Accueil","item":"https:\/\/lacaveetlebistrot.com\/"},{"@type":"ListItem","position":2,"name":"Les C\u00f4te R\u00f4tie Fran\u00e7ois et Fils"}]},{"@type":"WebSite","@id":"https:\/\/lacaveetlebistrot.com\/#website","url":"https:\/\/lacaveetlebistrot.com\/","name":"La Cave et le Bistrot","description":"La cave \u00e0 vin du centre ville d&#039;Aubagne","publisher":{"@id":"https:\/\/lacaveetlebistrot.com\/#organization"},"potentialAction":[{"@type":"SearchAction","target":{"@type":"EntryPoint","urlTemplate":"https:\/\/lacaveetlebistrot.com\/?s={search_term_string}"},"query-input":{"@type":"PropertyValueSpecification","valueRequired":true,"valueName":"search_term_string"}}],"inLanguage":"fr-FR"},{"@type":"Organization","@id":"https:\/\/lacaveetlebistrot.com\/#organization","name":"La Cave et le Bistrot","alternateName":"Cave \u00e0 vin Aubagne","url":"https:\/\/lacaveetlebistrot.com\/","logo":{"@type":"ImageObject","inLanguage":"fr-FR","@id":"https:\/\/lacaveetlebistrot.com\/#\/schema\/logo\/image\/","url":"https:\/\/i0.wp.com\/lacaveetlebistrot.com\/wp-content\/uploads\/2021\/12\/Logo-carre-e1642772598302.png?fit=548%2C572&ssl=1","contentUrl":"https:\/\/i0.wp.com\/lacaveetlebistrot.com\/wp-content\/uploads\/2021\/12\/Logo-carre-e1642772598302.png?fit=548%2C572&ssl=1","width":548,"height":572,"caption":"La Cave et le Bistrot"},"image":{"@id":"https:\/\/lacaveetlebistrot.com\/#\/schema\/logo\/image\/"},"sameAs":["https:\/\/www.facebook.com\/LaCaveetLeBistrot"]},{"@type":"Person","@id":"https:\/\/lacaveetlebistrot.com\/#\/schema\/person\/ae9d594f71c9aaee402752517006c63c","name":"lacavedethierry","image":{"@type":"ImageObject","inLanguage":"fr-FR","@id":"https:\/\/lacaveetlebistrot.com\/#\/schema\/person\/image\/","url":"https:\/\/secure.gravatar.com\/avatar\/b9ba061fa4bff1690b72a325be2f4336f8aaa5c5aa77fade48bd9dd8bd8be007?s=96&d=mm&r=g","contentUrl":"https:\/\/secure.gravatar.com\/avatar\/b9ba061fa4bff1690b72a325be2f4336f8aaa5c5aa77fade48bd9dd8bd8be007?s=96&d=mm&r=g","caption":"lacavedethierry"},"url":"https:\/\/lacaveetlebistrot.com\/index.php\/author\/lacavedethierry\/"}]}},"jetpack_featured_media_url":"https:\/\/i0.wp.com\/lacaveetlebistrot.com\/wp-content\/uploads\/2022\/03\/20220222_105907-01-scaled-e1646151560979.jpeg?fit=1600%2C1200&ssl=1","jetpack-related-posts":[],"jetpack_sharing_enabled":true,"_links":{"self":[{"href":"https:\/\/lacaveetlebistrot.com\/index.php\/wp-json\/wp\/v2\/posts\/2065","targetHints":{"allow":["GET"]}}],"collection":[{"href":"https:\/\/lacaveetlebistrot.com\/index.php\/wp-json\/wp\/v2\/posts"}],"about":[{"href":"https:\/\/lacaveetlebistrot.com\/index.php\/wp-json\/wp\/v2\/types\/post"}],"author":[{"embeddable":true,"href":"https:\/\/lacaveetlebistrot.com\/index.php\/wp-json\/wp\/v2\/users\/1"}],"replies":[{"embeddable":true,"href":"https:\/\/lacaveetlebistrot.com\/index.php\/wp-json\/wp\/v2\/comments?post=2065"}],"version-history":[{"count":3,"href":"https:\/\/lacaveetlebistrot.com\/index.php\/wp-json\/wp\/v2\/posts\/2065\/revisions"}],"predecessor-version":[{"id":2074,"href":"https:\/\/lacaveetlebistrot.com\/index.php\/wp-json\/wp\/v2\/posts\/2065\/revisions\/2074"}],"wp:featuredmedia":[{"embeddable":true,"href":"https:\/\/lacaveetlebistrot.com\/index.php\/wp-json\/wp\/v2\/media\/2066"}],"wp:attachment":[{"href":"https:\/\/lacaveetlebistrot.com\/index.php\/wp-json\/wp\/v2\/media?parent=2065"}],"wp:term":[{"taxonomy":"category","embeddable":true,"href":"https:\/\/lacaveetlebistrot.com\/index.php\/wp-json\/wp\/v2\/categories?post=2065"},{"taxonomy":"post_tag","embeddable":true,"href":"https:\/\/lacaveetlebistrot.com\/index.php\/wp-json\/wp\/v2\/tags?post=2065"}],"curies":[{"name":"wp","href":"https:\/\/api.w.org\/{rel}","templated":true}]}}