{"id":1438,"date":"2021-11-25T07:24:27","date_gmt":"2021-11-25T06:24:27","guid":{"rendered":"http:\/\/lacaveetlebistrot.com\/?p=1438"},"modified":"2021-12-07T18:31:24","modified_gmt":"2021-12-07T17:31:24","slug":"arrivage-des-vins-de-bourgogne-de-philippe-naddef","status":"publish","type":"post","link":"https:\/\/lacaveetlebistrot.com\/index.php\/2021\/11\/25\/arrivage-des-vins-de-bourgogne-de-philippe-naddef\/","title":{"rendered":"Arrivage des vins de Bourgogne de Philippe Naddef"},"content":{"rendered":"\n<p>Les Gevrey, les Marsannay, les Fixin ou encore les Mazis Chambertin, sont disponibles \u00e0 la cave et le bistrot. <\/p>\n\n\n\n<p>Attention il n&rsquo;y en aura pas pour tout le monde<\/p>\n\n\n\n<figure class=\"wp-block-image size-large\"><img data-recalc-dims=\"1\" loading=\"lazy\" decoding=\"async\" width=\"768\" height=\"1024\" src=\"https:\/\/i0.wp.com\/lacaveetlebistrot.com\/wp-content\/uploads\/2021\/11\/20211123_1451266450242646301326536.jpg?resize=768%2C1024&#038;ssl=1\" alt=\"\" class=\"wp-image-1437\" srcset=\"https:\/\/i0.wp.com\/lacaveetlebistrot.com\/wp-content\/uploads\/2021\/11\/20211123_1451266450242646301326536-scaled.jpg?resize=768%2C1024&amp;ssl=1 768w, https:\/\/i0.wp.com\/lacaveetlebistrot.com\/wp-content\/uploads\/2021\/11\/20211123_1451266450242646301326536-scaled.jpg?resize=600%2C800&amp;ssl=1 600w, https:\/\/i0.wp.com\/lacaveetlebistrot.com\/wp-content\/uploads\/2021\/11\/20211123_1451266450242646301326536-scaled.jpg?resize=225%2C300&amp;ssl=1 225w, https:\/\/i0.wp.com\/lacaveetlebistrot.com\/wp-content\/uploads\/2021\/11\/20211123_1451266450242646301326536-scaled.jpg?resize=150%2C200&amp;ssl=1 150w, https:\/\/i0.wp.com\/lacaveetlebistrot.com\/wp-content\/uploads\/2021\/11\/20211123_1451266450242646301326536-scaled.jpg?resize=1152%2C1536&amp;ssl=1 1152w, https:\/\/i0.wp.com\/lacaveetlebistrot.com\/wp-content\/uploads\/2021\/11\/20211123_1451266450242646301326536-scaled.jpg?resize=1536%2C2048&amp;ssl=1 1536w, https:\/\/i0.wp.com\/lacaveetlebistrot.com\/wp-content\/uploads\/2021\/11\/20211123_1451266450242646301326536-scaled.jpg?resize=1024%2C1365&amp;ssl=1 1024w, https:\/\/i0.wp.com\/lacaveetlebistrot.com\/wp-content\/uploads\/2021\/11\/20211123_1451266450242646301326536-scaled.jpg?resize=810%2C1080&amp;ssl=1 810w, https:\/\/i0.wp.com\/lacaveetlebistrot.com\/wp-content\/uploads\/2021\/11\/20211123_1451266450242646301326536-scaled.jpg?w=1920&amp;ssl=1 1920w\" sizes=\"auto, (max-width: 768px) 100vw, 768px\" \/><\/figure>\n\n\n\n<p>La cave et le bistrot votre cave au centre ville d&rsquo;Aubagne <\/p>\n","protected":false},"excerpt":{"rendered":"<p>Les Gevrey, les Marsannay, les Fixin ou encore les Mazis Chambertin, sont disponibles \u00e0 la cave et le bistrot. Attention il n&rsquo;y en aura pas pour tout le monde La cave et le bistrot votre cave au centre ville d&rsquo;Aubagne<\/p>\n","protected":false},"author":1,"featured_media":1437,"comment_status":"open","ping_status":"open","sticky":false,"template":"","format":"standard","meta":{"_jetpack_memberships_contains_paid_content":false,"footnotes":""},"categories":[23],"tags":[26,25],"class_list":["post-1438","post","type-post","status-publish","format-standard","has-post-thumbnail","hentry","category-la-cave-a-vin","tag-cotes-de-nuit","tag-vins-de-bourgogne"],"yoast_head":"<!-- This site is optimized with the Yoast SEO plugin v26.3 - https:\/\/yoast.com\/wordpress\/plugins\/seo\/ -->\n<title>Arrivage des vins de Bourgogne de Philippe Naddef - La Cave et le Bistrot<\/title>\n<meta name=\"description\" content=\"Retrouvez d\u00e8s \u00e0 pr\u00e9sent les vins de Philippe Naddef dans votre cave \u00e0 vin du centre ville d&#039;Aubagne. Gevrey chambertin, Marsannay ou encore les Fixin.\" \/>\n<meta name=\"robots\" content=\"index, follow, max-snippet:-1, max-image-preview:large, max-video-preview:-1\" \/>\n<link rel=\"canonical\" href=\"https:\/\/lacaveetlebistrot.com\/index.php\/2021\/11\/25\/arrivage-des-vins-de-bourgogne-de-philippe-naddef\/\" \/>\n<meta property=\"og:locale\" content=\"fr_FR\" \/>\n<meta property=\"og:type\" content=\"article\" \/>\n<meta property=\"og:title\" content=\"Arrivage des vins de Bourgogne de Philippe Naddef - La Cave et le Bistrot\" \/>\n<meta property=\"og:description\" content=\"Retrouvez d\u00e8s \u00e0 pr\u00e9sent les vins de Philippe Naddef dans votre cave \u00e0 vin du centre ville d&#039;Aubagne. Gevrey chambertin, Marsannay ou encore les Fixin.\" \/>\n<meta property=\"og:url\" content=\"https:\/\/lacaveetlebistrot.com\/index.php\/2021\/11\/25\/arrivage-des-vins-de-bourgogne-de-philippe-naddef\/\" \/>\n<meta property=\"og:site_name\" content=\"La Cave et le Bistrot\" \/>\n<meta property=\"article:publisher\" content=\"https:\/\/www.facebook.com\/LaCaveetLeBistrot\" \/>\n<meta property=\"article:published_time\" content=\"2021-11-25T06:24:27+00:00\" \/>\n<meta property=\"article:modified_time\" content=\"2021-12-07T17:31:24+00:00\" \/>\n<meta property=\"og:image\" content=\"https:\/\/i0.wp.com\/lacaveetlebistrot.com\/wp-content\/uploads\/2021\/11\/20211123_1451266450242646301326536-scaled.jpg?fit=1920%2C2560&ssl=1\" \/>\n\t<meta property=\"og:image:width\" content=\"1920\" \/>\n\t<meta property=\"og:image:height\" content=\"2560\" \/>\n\t<meta property=\"og:image:type\" content=\"image\/jpeg\" \/>\n<meta name=\"author\" content=\"lacavedethierry\" \/>\n<meta name=\"twitter:card\" content=\"summary_large_image\" \/>\n<meta name=\"twitter:label1\" content=\"\u00c9crit par\" \/>\n\t<meta name=\"twitter:data1\" content=\"lacavedethierry\" \/>\n<script type=\"application\/ld+json\" class=\"yoast-schema-graph\">{\"@context\":\"https:\/\/schema.org\",\"@graph\":[{\"@type\":\"Article\",\"@id\":\"https:\/\/lacaveetlebistrot.com\/index.php\/2021\/11\/25\/arrivage-des-vins-de-bourgogne-de-philippe-naddef\/#article\",\"isPartOf\":{\"@id\":\"https:\/\/lacaveetlebistrot.com\/index.php\/2021\/11\/25\/arrivage-des-vins-de-bourgogne-de-philippe-naddef\/\"},\"author\":{\"name\":\"lacavedethierry\",\"@id\":\"https:\/\/lacaveetlebistrot.com\/#\/schema\/person\/ae9d594f71c9aaee402752517006c63c\"},\"headline\":\"Arrivage des vins de Bourgogne de Philippe Naddef\",\"datePublished\":\"2021-11-25T06:24:27+00:00\",\"dateModified\":\"2021-12-07T17:31:24+00:00\",\"mainEntityOfPage\":{\"@id\":\"https:\/\/lacaveetlebistrot.com\/index.php\/2021\/11\/25\/arrivage-des-vins-de-bourgogne-de-philippe-naddef\/\"},\"wordCount\":47,\"commentCount\":0,\"publisher\":{\"@id\":\"https:\/\/lacaveetlebistrot.com\/#organization\"},\"image\":{\"@id\":\"https:\/\/lacaveetlebistrot.com\/index.php\/2021\/11\/25\/arrivage-des-vins-de-bourgogne-de-philippe-naddef\/#primaryimage\"},\"thumbnailUrl\":\"https:\/\/i0.wp.com\/lacaveetlebistrot.com\/wp-content\/uploads\/2021\/11\/20211123_1451266450242646301326536-scaled.jpg?fit=1920%2C2560&ssl=1\",\"keywords\":[\"C\u00f4tes de Nuit\",\"vins de Bourgogne\"],\"articleSection\":[\"La cave \u00e0 vin\"],\"inLanguage\":\"fr-FR\",\"potentialAction\":[{\"@type\":\"CommentAction\",\"name\":\"Comment\",\"target\":[\"https:\/\/lacaveetlebistrot.com\/index.php\/2021\/11\/25\/arrivage-des-vins-de-bourgogne-de-philippe-naddef\/#respond\"]}]},{\"@type\":\"WebPage\",\"@id\":\"https:\/\/lacaveetlebistrot.com\/index.php\/2021\/11\/25\/arrivage-des-vins-de-bourgogne-de-philippe-naddef\/\",\"url\":\"https:\/\/lacaveetlebistrot.com\/index.php\/2021\/11\/25\/arrivage-des-vins-de-bourgogne-de-philippe-naddef\/\",\"name\":\"Arrivage des vins de Bourgogne de Philippe Naddef - La Cave et le Bistrot\",\"isPartOf\":{\"@id\":\"https:\/\/lacaveetlebistrot.com\/#website\"},\"primaryImageOfPage\":{\"@id\":\"https:\/\/lacaveetlebistrot.com\/index.php\/2021\/11\/25\/arrivage-des-vins-de-bourgogne-de-philippe-naddef\/#primaryimage\"},\"image\":{\"@id\":\"https:\/\/lacaveetlebistrot.com\/index.php\/2021\/11\/25\/arrivage-des-vins-de-bourgogne-de-philippe-naddef\/#primaryimage\"},\"thumbnailUrl\":\"https:\/\/i0.wp.com\/lacaveetlebistrot.com\/wp-content\/uploads\/2021\/11\/20211123_1451266450242646301326536-scaled.jpg?fit=1920%2C2560&ssl=1\",\"datePublished\":\"2021-11-25T06:24:27+00:00\",\"dateModified\":\"2021-12-07T17:31:24+00:00\",\"description\":\"Retrouvez d\u00e8s \u00e0 pr\u00e9sent les vins de Philippe Naddef dans votre cave \u00e0 vin du centre ville d'Aubagne. Gevrey chambertin, Marsannay ou encore les Fixin.\",\"breadcrumb\":{\"@id\":\"https:\/\/lacaveetlebistrot.com\/index.php\/2021\/11\/25\/arrivage-des-vins-de-bourgogne-de-philippe-naddef\/#breadcrumb\"},\"inLanguage\":\"fr-FR\",\"potentialAction\":[{\"@type\":\"ReadAction\",\"target\":[\"https:\/\/lacaveetlebistrot.com\/index.php\/2021\/11\/25\/arrivage-des-vins-de-bourgogne-de-philippe-naddef\/\"]}]},{\"@type\":\"ImageObject\",\"inLanguage\":\"fr-FR\",\"@id\":\"https:\/\/lacaveetlebistrot.com\/index.php\/2021\/11\/25\/arrivage-des-vins-de-bourgogne-de-philippe-naddef\/#primaryimage\",\"url\":\"https:\/\/i0.wp.com\/lacaveetlebistrot.com\/wp-content\/uploads\/2021\/11\/20211123_1451266450242646301326536-scaled.jpg?fit=1920%2C2560&ssl=1\",\"contentUrl\":\"https:\/\/i0.wp.com\/lacaveetlebistrot.com\/wp-content\/uploads\/2021\/11\/20211123_1451266450242646301326536-scaled.jpg?fit=1920%2C2560&ssl=1\",\"width\":1920,\"height\":2560},{\"@type\":\"BreadcrumbList\",\"@id\":\"https:\/\/lacaveetlebistrot.com\/index.php\/2021\/11\/25\/arrivage-des-vins-de-bourgogne-de-philippe-naddef\/#breadcrumb\",\"itemListElement\":[{\"@type\":\"ListItem\",\"position\":1,\"name\":\"Accueil\",\"item\":\"https:\/\/lacaveetlebistrot.com\/\"},{\"@type\":\"ListItem\",\"position\":2,\"name\":\"Arrivage des vins de Bourgogne de Philippe Naddef\"}]},{\"@type\":\"WebSite\",\"@id\":\"https:\/\/lacaveetlebistrot.com\/#website\",\"url\":\"https:\/\/lacaveetlebistrot.com\/\",\"name\":\"La Cave et le Bistrot\",\"description\":\"La cave \u00e0 vin du centre ville d&#039;Aubagne\",\"publisher\":{\"@id\":\"https:\/\/lacaveetlebistrot.com\/#organization\"},\"potentialAction\":[{\"@type\":\"SearchAction\",\"target\":{\"@type\":\"EntryPoint\",\"urlTemplate\":\"https:\/\/lacaveetlebistrot.com\/?s={search_term_string}\"},\"query-input\":{\"@type\":\"PropertyValueSpecification\",\"valueRequired\":true,\"valueName\":\"search_term_string\"}}],\"inLanguage\":\"fr-FR\"},{\"@type\":\"Organization\",\"@id\":\"https:\/\/lacaveetlebistrot.com\/#organization\",\"name\":\"La Cave et le Bistrot\",\"alternateName\":\"Cave \u00e0 vin Aubagne\",\"url\":\"https:\/\/lacaveetlebistrot.com\/\",\"logo\":{\"@type\":\"ImageObject\",\"inLanguage\":\"fr-FR\",\"@id\":\"https:\/\/lacaveetlebistrot.com\/#\/schema\/logo\/image\/\",\"url\":\"https:\/\/i0.wp.com\/lacaveetlebistrot.com\/wp-content\/uploads\/2021\/12\/Logo-carre-e1642772598302.png?fit=548%2C572&ssl=1\",\"contentUrl\":\"https:\/\/i0.wp.com\/lacaveetlebistrot.com\/wp-content\/uploads\/2021\/12\/Logo-carre-e1642772598302.png?fit=548%2C572&ssl=1\",\"width\":548,\"height\":572,\"caption\":\"La Cave et le Bistrot\"},\"image\":{\"@id\":\"https:\/\/lacaveetlebistrot.com\/#\/schema\/logo\/image\/\"},\"sameAs\":[\"https:\/\/www.facebook.com\/LaCaveetLeBistrot\"]},{\"@type\":\"Person\",\"@id\":\"https:\/\/lacaveetlebistrot.com\/#\/schema\/person\/ae9d594f71c9aaee402752517006c63c\",\"name\":\"lacavedethierry\",\"image\":{\"@type\":\"ImageObject\",\"inLanguage\":\"fr-FR\",\"@id\":\"https:\/\/lacaveetlebistrot.com\/#\/schema\/person\/image\/\",\"url\":\"https:\/\/secure.gravatar.com\/avatar\/b9ba061fa4bff1690b72a325be2f4336f8aaa5c5aa77fade48bd9dd8bd8be007?s=96&d=mm&r=g\",\"contentUrl\":\"https:\/\/secure.gravatar.com\/avatar\/b9ba061fa4bff1690b72a325be2f4336f8aaa5c5aa77fade48bd9dd8bd8be007?s=96&d=mm&r=g\",\"caption\":\"lacavedethierry\"},\"url\":\"https:\/\/lacaveetlebistrot.com\/index.php\/author\/lacavedethierry\/\"}]}<\/script>\n<!-- \/ Yoast SEO plugin. -->","yoast_head_json":{"title":"Arrivage des vins de Bourgogne de Philippe Naddef - La Cave et le Bistrot","description":"Retrouvez d\u00e8s \u00e0 pr\u00e9sent les vins de Philippe Naddef dans votre cave \u00e0 vin du centre ville d'Aubagne. Gevrey chambertin, Marsannay ou encore les Fixin.","robots":{"index":"index","follow":"follow","max-snippet":"max-snippet:-1","max-image-preview":"max-image-preview:large","max-video-preview":"max-video-preview:-1"},"canonical":"https:\/\/lacaveetlebistrot.com\/index.php\/2021\/11\/25\/arrivage-des-vins-de-bourgogne-de-philippe-naddef\/","og_locale":"fr_FR","og_type":"article","og_title":"Arrivage des vins de Bourgogne de Philippe Naddef - La Cave et le Bistrot","og_description":"Retrouvez d\u00e8s \u00e0 pr\u00e9sent les vins de Philippe Naddef dans votre cave \u00e0 vin du centre ville d'Aubagne. Gevrey chambertin, Marsannay ou encore les Fixin.","og_url":"https:\/\/lacaveetlebistrot.com\/index.php\/2021\/11\/25\/arrivage-des-vins-de-bourgogne-de-philippe-naddef\/","og_site_name":"La Cave et le Bistrot","article_publisher":"https:\/\/www.facebook.com\/LaCaveetLeBistrot","article_published_time":"2021-11-25T06:24:27+00:00","article_modified_time":"2021-12-07T17:31:24+00:00","og_image":[{"width":1920,"height":2560,"url":"https:\/\/i0.wp.com\/lacaveetlebistrot.com\/wp-content\/uploads\/2021\/11\/20211123_1451266450242646301326536-scaled.jpg?fit=1920%2C2560&ssl=1","type":"image\/jpeg"}],"author":"lacavedethierry","twitter_card":"summary_large_image","twitter_misc":{"\u00c9crit par":"lacavedethierry"},"schema":{"@context":"https:\/\/schema.org","@graph":[{"@type":"Article","@id":"https:\/\/lacaveetlebistrot.com\/index.php\/2021\/11\/25\/arrivage-des-vins-de-bourgogne-de-philippe-naddef\/#article","isPartOf":{"@id":"https:\/\/lacaveetlebistrot.com\/index.php\/2021\/11\/25\/arrivage-des-vins-de-bourgogne-de-philippe-naddef\/"},"author":{"name":"lacavedethierry","@id":"https:\/\/lacaveetlebistrot.com\/#\/schema\/person\/ae9d594f71c9aaee402752517006c63c"},"headline":"Arrivage des vins de Bourgogne de Philippe Naddef","datePublished":"2021-11-25T06:24:27+00:00","dateModified":"2021-12-07T17:31:24+00:00","mainEntityOfPage":{"@id":"https:\/\/lacaveetlebistrot.com\/index.php\/2021\/11\/25\/arrivage-des-vins-de-bourgogne-de-philippe-naddef\/"},"wordCount":47,"commentCount":0,"publisher":{"@id":"https:\/\/lacaveetlebistrot.com\/#organization"},"image":{"@id":"https:\/\/lacaveetlebistrot.com\/index.php\/2021\/11\/25\/arrivage-des-vins-de-bourgogne-de-philippe-naddef\/#primaryimage"},"thumbnailUrl":"https:\/\/i0.wp.com\/lacaveetlebistrot.com\/wp-content\/uploads\/2021\/11\/20211123_1451266450242646301326536-scaled.jpg?fit=1920%2C2560&ssl=1","keywords":["C\u00f4tes de Nuit","vins de Bourgogne"],"articleSection":["La cave \u00e0 vin"],"inLanguage":"fr-FR","potentialAction":[{"@type":"CommentAction","name":"Comment","target":["https:\/\/lacaveetlebistrot.com\/index.php\/2021\/11\/25\/arrivage-des-vins-de-bourgogne-de-philippe-naddef\/#respond"]}]},{"@type":"WebPage","@id":"https:\/\/lacaveetlebistrot.com\/index.php\/2021\/11\/25\/arrivage-des-vins-de-bourgogne-de-philippe-naddef\/","url":"https:\/\/lacaveetlebistrot.com\/index.php\/2021\/11\/25\/arrivage-des-vins-de-bourgogne-de-philippe-naddef\/","name":"Arrivage des vins de Bourgogne de Philippe Naddef - La Cave et le Bistrot","isPartOf":{"@id":"https:\/\/lacaveetlebistrot.com\/#website"},"primaryImageOfPage":{"@id":"https:\/\/lacaveetlebistrot.com\/index.php\/2021\/11\/25\/arrivage-des-vins-de-bourgogne-de-philippe-naddef\/#primaryimage"},"image":{"@id":"https:\/\/lacaveetlebistrot.com\/index.php\/2021\/11\/25\/arrivage-des-vins-de-bourgogne-de-philippe-naddef\/#primaryimage"},"thumbnailUrl":"https:\/\/i0.wp.com\/lacaveetlebistrot.com\/wp-content\/uploads\/2021\/11\/20211123_1451266450242646301326536-scaled.jpg?fit=1920%2C2560&ssl=1","datePublished":"2021-11-25T06:24:27+00:00","dateModified":"2021-12-07T17:31:24+00:00","description":"Retrouvez d\u00e8s \u00e0 pr\u00e9sent les vins de Philippe Naddef dans votre cave \u00e0 vin du centre ville d'Aubagne. Gevrey chambertin, Marsannay ou encore les Fixin.","breadcrumb":{"@id":"https:\/\/lacaveetlebistrot.com\/index.php\/2021\/11\/25\/arrivage-des-vins-de-bourgogne-de-philippe-naddef\/#breadcrumb"},"inLanguage":"fr-FR","potentialAction":[{"@type":"ReadAction","target":["https:\/\/lacaveetlebistrot.com\/index.php\/2021\/11\/25\/arrivage-des-vins-de-bourgogne-de-philippe-naddef\/"]}]},{"@type":"ImageObject","inLanguage":"fr-FR","@id":"https:\/\/lacaveetlebistrot.com\/index.php\/2021\/11\/25\/arrivage-des-vins-de-bourgogne-de-philippe-naddef\/#primaryimage","url":"https:\/\/i0.wp.com\/lacaveetlebistrot.com\/wp-content\/uploads\/2021\/11\/20211123_1451266450242646301326536-scaled.jpg?fit=1920%2C2560&ssl=1","contentUrl":"https:\/\/i0.wp.com\/lacaveetlebistrot.com\/wp-content\/uploads\/2021\/11\/20211123_1451266450242646301326536-scaled.jpg?fit=1920%2C2560&ssl=1","width":1920,"height":2560},{"@type":"BreadcrumbList","@id":"https:\/\/lacaveetlebistrot.com\/index.php\/2021\/11\/25\/arrivage-des-vins-de-bourgogne-de-philippe-naddef\/#breadcrumb","itemListElement":[{"@type":"ListItem","position":1,"name":"Accueil","item":"https:\/\/lacaveetlebistrot.com\/"},{"@type":"ListItem","position":2,"name":"Arrivage des vins de Bourgogne de Philippe Naddef"}]},{"@type":"WebSite","@id":"https:\/\/lacaveetlebistrot.com\/#website","url":"https:\/\/lacaveetlebistrot.com\/","name":"La Cave et le Bistrot","description":"La cave \u00e0 vin du centre ville d&#039;Aubagne","publisher":{"@id":"https:\/\/lacaveetlebistrot.com\/#organization"},"potentialAction":[{"@type":"SearchAction","target":{"@type":"EntryPoint","urlTemplate":"https:\/\/lacaveetlebistrot.com\/?s={search_term_string}"},"query-input":{"@type":"PropertyValueSpecification","valueRequired":true,"valueName":"search_term_string"}}],"inLanguage":"fr-FR"},{"@type":"Organization","@id":"https:\/\/lacaveetlebistrot.com\/#organization","name":"La Cave et le Bistrot","alternateName":"Cave \u00e0 vin Aubagne","url":"https:\/\/lacaveetlebistrot.com\/","logo":{"@type":"ImageObject","inLanguage":"fr-FR","@id":"https:\/\/lacaveetlebistrot.com\/#\/schema\/logo\/image\/","url":"https:\/\/i0.wp.com\/lacaveetlebistrot.com\/wp-content\/uploads\/2021\/12\/Logo-carre-e1642772598302.png?fit=548%2C572&ssl=1","contentUrl":"https:\/\/i0.wp.com\/lacaveetlebistrot.com\/wp-content\/uploads\/2021\/12\/Logo-carre-e1642772598302.png?fit=548%2C572&ssl=1","width":548,"height":572,"caption":"La Cave et le Bistrot"},"image":{"@id":"https:\/\/lacaveetlebistrot.com\/#\/schema\/logo\/image\/"},"sameAs":["https:\/\/www.facebook.com\/LaCaveetLeBistrot"]},{"@type":"Person","@id":"https:\/\/lacaveetlebistrot.com\/#\/schema\/person\/ae9d594f71c9aaee402752517006c63c","name":"lacavedethierry","image":{"@type":"ImageObject","inLanguage":"fr-FR","@id":"https:\/\/lacaveetlebistrot.com\/#\/schema\/person\/image\/","url":"https:\/\/secure.gravatar.com\/avatar\/b9ba061fa4bff1690b72a325be2f4336f8aaa5c5aa77fade48bd9dd8bd8be007?s=96&d=mm&r=g","contentUrl":"https:\/\/secure.gravatar.com\/avatar\/b9ba061fa4bff1690b72a325be2f4336f8aaa5c5aa77fade48bd9dd8bd8be007?s=96&d=mm&r=g","caption":"lacavedethierry"},"url":"https:\/\/lacaveetlebistrot.com\/index.php\/author\/lacavedethierry\/"}]}},"jetpack_featured_media_url":"https:\/\/i0.wp.com\/lacaveetlebistrot.com\/wp-content\/uploads\/2021\/11\/20211123_1451266450242646301326536-scaled.jpg?fit=1920%2C2560&ssl=1","jetpack-related-posts":[],"jetpack_sharing_enabled":true,"_links":{"self":[{"href":"https:\/\/lacaveetlebistrot.com\/index.php\/wp-json\/wp\/v2\/posts\/1438","targetHints":{"allow":["GET"]}}],"collection":[{"href":"https:\/\/lacaveetlebistrot.com\/index.php\/wp-json\/wp\/v2\/posts"}],"about":[{"href":"https:\/\/lacaveetlebistrot.com\/index.php\/wp-json\/wp\/v2\/types\/post"}],"author":[{"embeddable":true,"href":"https:\/\/lacaveetlebistrot.com\/index.php\/wp-json\/wp\/v2\/users\/1"}],"replies":[{"embeddable":true,"href":"https:\/\/lacaveetlebistrot.com\/index.php\/wp-json\/wp\/v2\/comments?post=1438"}],"version-history":[{"count":1,"href":"https:\/\/lacaveetlebistrot.com\/index.php\/wp-json\/wp\/v2\/posts\/1438\/revisions"}],"predecessor-version":[{"id":1439,"href":"https:\/\/lacaveetlebistrot.com\/index.php\/wp-json\/wp\/v2\/posts\/1438\/revisions\/1439"}],"wp:featuredmedia":[{"embeddable":true,"href":"https:\/\/lacaveetlebistrot.com\/index.php\/wp-json\/wp\/v2\/media\/1437"}],"wp:attachment":[{"href":"https:\/\/lacaveetlebistrot.com\/index.php\/wp-json\/wp\/v2\/media?parent=1438"}],"wp:term":[{"taxonomy":"category","embeddable":true,"href":"https:\/\/lacaveetlebistrot.com\/index.php\/wp-json\/wp\/v2\/categories?post=1438"},{"taxonomy":"post_tag","embeddable":true,"href":"https:\/\/lacaveetlebistrot.com\/index.php\/wp-json\/wp\/v2\/tags?post=1438"}],"curies":[{"name":"wp","href":"https:\/\/api.w.org\/{rel}","templated":true}]}}