{"id":1422,"date":"2021-11-03T11:56:31","date_gmt":"2021-11-03T10:56:31","guid":{"rendered":"http:\/\/lacaveetlebistrot.com\/?p=1422"},"modified":"2022-01-25T18:19:50","modified_gmt":"2022-01-25T17:19:50","slug":"ouverture-de-la-cave-a-vin-cave-a-manger","status":"publish","type":"post","link":"https:\/\/lacaveetlebistrot.com\/index.php\/2021\/11\/03\/ouverture-de-la-cave-a-vin-cave-a-manger\/","title":{"rendered":"Ouverture de la cave \u00e0 vin, cave \u00e0 manger"},"content":{"rendered":"\n<figure class=\"wp-block-gallery columns-1 is-cropped wp-block-gallery-1 is-layout-flex wp-block-gallery-is-layout-flex\"><ul class=\"blocks-gallery-grid\"><li class=\"blocks-gallery-item\"><figure><img data-recalc-dims=\"1\" loading=\"lazy\" decoding=\"async\" width=\"300\" height=\"225\" src=\"https:\/\/i0.wp.com\/lacaveetlebistrot.com\/wp-content\/uploads\/2021\/11\/20211103_095826-01.jpeg?resize=300%2C225&#038;ssl=1\" alt=\"Ouverture de la Cave et le Bistrot\" data-id=\"1415\" class=\"wp-image-1415\" srcset=\"https:\/\/i0.wp.com\/lacaveetlebistrot.com\/wp-content\/uploads\/2021\/11\/20211103_095826-01-scaled.jpeg?resize=300%2C225&amp;ssl=1 300w, https:\/\/i0.wp.com\/lacaveetlebistrot.com\/wp-content\/uploads\/2021\/11\/20211103_095826-01-scaled.jpeg?resize=600%2C450&amp;ssl=1 600w, https:\/\/i0.wp.com\/lacaveetlebistrot.com\/wp-content\/uploads\/2021\/11\/20211103_095826-01-scaled.jpeg?resize=1024%2C768&amp;ssl=1 1024w, https:\/\/i0.wp.com\/lacaveetlebistrot.com\/wp-content\/uploads\/2021\/11\/20211103_095826-01-scaled.jpeg?resize=768%2C576&amp;ssl=1 768w, https:\/\/i0.wp.com\/lacaveetlebistrot.com\/wp-content\/uploads\/2021\/11\/20211103_095826-01-scaled.jpeg?resize=200%2C150&amp;ssl=1 200w, https:\/\/i0.wp.com\/lacaveetlebistrot.com\/wp-content\/uploads\/2021\/11\/20211103_095826-01-scaled.jpeg?resize=1536%2C1152&amp;ssl=1 1536w, https:\/\/i0.wp.com\/lacaveetlebistrot.com\/wp-content\/uploads\/2021\/11\/20211103_095826-01-scaled.jpeg?resize=2048%2C1536&amp;ssl=1 2048w, https:\/\/i0.wp.com\/lacaveetlebistrot.com\/wp-content\/uploads\/2021\/11\/20211103_095826-01-scaled.jpeg?resize=1440%2C1080&amp;ssl=1 1440w\" sizes=\"auto, (max-width: 300px) 100vw, 300px\" \/><\/figure><\/li><\/ul><\/figure>\n\n\n\n<p>Ce fut long mais vous pouvez enfin venir nous voir dans notre cave \u00e0 vin, cave \u00e0 manger au 8 Av Jeanne d&rsquo;arc dans le centre ville d&rsquo;Aubagne. <br>Vous trouverez certainement la bouteille de vin ou de spiritueux que vous cherchez pour vous ou pour offrir. Nous vous proposons \u00e9galement un large choix d&rsquo;\u00e9picerie fine (Brandade artisanale, terrines de qualit\u00e9 et tout autres petits d\u00e9lices qui sauront \u00e9gayer vos ap\u00e9ros). <br>La Cave et le Bistrot c&rsquo;est aussi une cave \u00e0 manger o\u00f9 vous pourrez accompagner le plat du jour (fait maison) avec un verre de vin servit dans de parfaites conditions par notre distributeur de vin (\u00e9nomatic). Vous aurez aussi la possibilit\u00e9 d&rsquo;accompagner votre repas avec l&rsquo;une des 600 r\u00e9f\u00e9rences de notre cave.<br>C&rsquo;est avec plaisir que nous vous recevons en esp\u00e9rant arriver \u00e0 vous transmettre notre passion de bon vivant. <\/p>\n\n\n\n<p><\/p>\n","protected":false},"excerpt":{"rendered":"<p>On ouvre enfin la Cave et le bistrot. Vous pourrez y trouver conseils sur le vin et y d\u00e9guster un plat du jour accompagn\u00e9 d&rsquo;un verre de vin ou de l&rsquo;une des 600 r\u00e9f\u00e9rences pr\u00e9sentes sur nos \u00e9tag\u00e8res. <\/p>\n","protected":false},"author":1,"featured_media":1415,"comment_status":"open","ping_status":"open","sticky":false,"template":"","format":"standard","meta":{"_jetpack_memberships_contains_paid_content":false,"footnotes":""},"categories":[1],"tags":[],"class_list":["post-1422","post","type-post","status-publish","format-standard","has-post-thumbnail","hentry","category-non-classe"],"yoast_head":"<!-- This site is optimized with the Yoast SEO plugin v26.3 - https:\/\/yoast.com\/wordpress\/plugins\/seo\/ -->\n<title>Ouverture de la cave \u00e0 vin, cave \u00e0 manger - La Cave et le Bistrot<\/title>\n<meta name=\"description\" content=\"ouverture de la cave \u00e0 vin, centre ville d&#039;Aubagne. vous y trouverez conseils, vins et spiritueux, \u00e9picerie fine et vous pourrez y d\u00e9jeuner.\" \/>\n<meta name=\"robots\" content=\"index, follow, max-snippet:-1, max-image-preview:large, max-video-preview:-1\" \/>\n<link rel=\"canonical\" href=\"https:\/\/lacaveetlebistrot.com\/index.php\/2021\/11\/03\/ouverture-de-la-cave-a-vin-cave-a-manger\/\" \/>\n<meta property=\"og:locale\" content=\"fr_FR\" \/>\n<meta property=\"og:type\" content=\"article\" \/>\n<meta property=\"og:title\" content=\"Ouverture de la cave \u00e0 vin, cave \u00e0 manger - La Cave et le Bistrot\" \/>\n<meta property=\"og:description\" content=\"ouverture de la cave \u00e0 vin, centre ville d&#039;Aubagne. vous y trouverez conseils, vins et spiritueux, \u00e9picerie fine et vous pourrez y d\u00e9jeuner.\" \/>\n<meta property=\"og:url\" content=\"https:\/\/lacaveetlebistrot.com\/index.php\/2021\/11\/03\/ouverture-de-la-cave-a-vin-cave-a-manger\/\" \/>\n<meta property=\"og:site_name\" content=\"La Cave et le Bistrot\" \/>\n<meta property=\"article:publisher\" content=\"https:\/\/www.facebook.com\/LaCaveetLeBistrot\" \/>\n<meta property=\"article:published_time\" content=\"2021-11-03T10:56:31+00:00\" \/>\n<meta property=\"article:modified_time\" content=\"2022-01-25T17:19:50+00:00\" \/>\n<meta property=\"og:image\" content=\"https:\/\/i0.wp.com\/lacaveetlebistrot.com\/wp-content\/uploads\/2021\/11\/20211103_095826-01-scaled.jpeg?fit=2560%2C1921&ssl=1\" \/>\n\t<meta property=\"og:image:width\" content=\"2560\" \/>\n\t<meta property=\"og:image:height\" content=\"1921\" \/>\n\t<meta property=\"og:image:type\" content=\"image\/jpeg\" \/>\n<meta name=\"author\" content=\"lacavedethierry\" \/>\n<meta name=\"twitter:card\" content=\"summary_large_image\" \/>\n<meta name=\"twitter:label1\" content=\"\u00c9crit par\" \/>\n\t<meta name=\"twitter:data1\" content=\"lacavedethierry\" \/>\n\t<meta name=\"twitter:label2\" content=\"Dur\u00e9e de lecture estim\u00e9e\" \/>\n\t<meta name=\"twitter:data2\" content=\"1 minute\" \/>\n<script type=\"application\/ld+json\" class=\"yoast-schema-graph\">{\"@context\":\"https:\/\/schema.org\",\"@graph\":[{\"@type\":\"Article\",\"@id\":\"https:\/\/lacaveetlebistrot.com\/index.php\/2021\/11\/03\/ouverture-de-la-cave-a-vin-cave-a-manger\/#article\",\"isPartOf\":{\"@id\":\"https:\/\/lacaveetlebistrot.com\/index.php\/2021\/11\/03\/ouverture-de-la-cave-a-vin-cave-a-manger\/\"},\"author\":{\"name\":\"lacavedethierry\",\"@id\":\"https:\/\/lacaveetlebistrot.com\/#\/schema\/person\/ae9d594f71c9aaee402752517006c63c\"},\"headline\":\"Ouverture de la cave \u00e0 vin, cave \u00e0 manger\",\"datePublished\":\"2021-11-03T10:56:31+00:00\",\"dateModified\":\"2022-01-25T17:19:50+00:00\",\"mainEntityOfPage\":{\"@id\":\"https:\/\/lacaveetlebistrot.com\/index.php\/2021\/11\/03\/ouverture-de-la-cave-a-vin-cave-a-manger\/\"},\"wordCount\":148,\"commentCount\":0,\"publisher\":{\"@id\":\"https:\/\/lacaveetlebistrot.com\/#organization\"},\"image\":{\"@id\":\"https:\/\/lacaveetlebistrot.com\/index.php\/2021\/11\/03\/ouverture-de-la-cave-a-vin-cave-a-manger\/#primaryimage\"},\"thumbnailUrl\":\"https:\/\/i0.wp.com\/lacaveetlebistrot.com\/wp-content\/uploads\/2021\/11\/20211103_095826-01-scaled.jpeg?fit=2560%2C1921&ssl=1\",\"inLanguage\":\"fr-FR\",\"potentialAction\":[{\"@type\":\"CommentAction\",\"name\":\"Comment\",\"target\":[\"https:\/\/lacaveetlebistrot.com\/index.php\/2021\/11\/03\/ouverture-de-la-cave-a-vin-cave-a-manger\/#respond\"]}]},{\"@type\":\"WebPage\",\"@id\":\"https:\/\/lacaveetlebistrot.com\/index.php\/2021\/11\/03\/ouverture-de-la-cave-a-vin-cave-a-manger\/\",\"url\":\"https:\/\/lacaveetlebistrot.com\/index.php\/2021\/11\/03\/ouverture-de-la-cave-a-vin-cave-a-manger\/\",\"name\":\"Ouverture de la cave \u00e0 vin, cave \u00e0 manger - La Cave et le Bistrot\",\"isPartOf\":{\"@id\":\"https:\/\/lacaveetlebistrot.com\/#website\"},\"primaryImageOfPage\":{\"@id\":\"https:\/\/lacaveetlebistrot.com\/index.php\/2021\/11\/03\/ouverture-de-la-cave-a-vin-cave-a-manger\/#primaryimage\"},\"image\":{\"@id\":\"https:\/\/lacaveetlebistrot.com\/index.php\/2021\/11\/03\/ouverture-de-la-cave-a-vin-cave-a-manger\/#primaryimage\"},\"thumbnailUrl\":\"https:\/\/i0.wp.com\/lacaveetlebistrot.com\/wp-content\/uploads\/2021\/11\/20211103_095826-01-scaled.jpeg?fit=2560%2C1921&ssl=1\",\"datePublished\":\"2021-11-03T10:56:31+00:00\",\"dateModified\":\"2022-01-25T17:19:50+00:00\",\"description\":\"ouverture de la cave \u00e0 vin, centre ville d'Aubagne. vous y trouverez conseils, vins et spiritueux, \u00e9picerie fine et vous pourrez y d\u00e9jeuner.\",\"breadcrumb\":{\"@id\":\"https:\/\/lacaveetlebistrot.com\/index.php\/2021\/11\/03\/ouverture-de-la-cave-a-vin-cave-a-manger\/#breadcrumb\"},\"inLanguage\":\"fr-FR\",\"potentialAction\":[{\"@type\":\"ReadAction\",\"target\":[\"https:\/\/lacaveetlebistrot.com\/index.php\/2021\/11\/03\/ouverture-de-la-cave-a-vin-cave-a-manger\/\"]}]},{\"@type\":\"ImageObject\",\"inLanguage\":\"fr-FR\",\"@id\":\"https:\/\/lacaveetlebistrot.com\/index.php\/2021\/11\/03\/ouverture-de-la-cave-a-vin-cave-a-manger\/#primaryimage\",\"url\":\"https:\/\/i0.wp.com\/lacaveetlebistrot.com\/wp-content\/uploads\/2021\/11\/20211103_095826-01-scaled.jpeg?fit=2560%2C1921&ssl=1\",\"contentUrl\":\"https:\/\/i0.wp.com\/lacaveetlebistrot.com\/wp-content\/uploads\/2021\/11\/20211103_095826-01-scaled.jpeg?fit=2560%2C1921&ssl=1\",\"width\":2560,\"height\":1921,\"caption\":\"Ouverture de la Cave et le Bistrot\"},{\"@type\":\"BreadcrumbList\",\"@id\":\"https:\/\/lacaveetlebistrot.com\/index.php\/2021\/11\/03\/ouverture-de-la-cave-a-vin-cave-a-manger\/#breadcrumb\",\"itemListElement\":[{\"@type\":\"ListItem\",\"position\":1,\"name\":\"Accueil\",\"item\":\"https:\/\/lacaveetlebistrot.com\/\"},{\"@type\":\"ListItem\",\"position\":2,\"name\":\"Ouverture de la cave \u00e0 vin, cave \u00e0 manger\"}]},{\"@type\":\"WebSite\",\"@id\":\"https:\/\/lacaveetlebistrot.com\/#website\",\"url\":\"https:\/\/lacaveetlebistrot.com\/\",\"name\":\"La Cave et le Bistrot\",\"description\":\"La cave \u00e0 vin du centre ville d&#039;Aubagne\",\"publisher\":{\"@id\":\"https:\/\/lacaveetlebistrot.com\/#organization\"},\"potentialAction\":[{\"@type\":\"SearchAction\",\"target\":{\"@type\":\"EntryPoint\",\"urlTemplate\":\"https:\/\/lacaveetlebistrot.com\/?s={search_term_string}\"},\"query-input\":{\"@type\":\"PropertyValueSpecification\",\"valueRequired\":true,\"valueName\":\"search_term_string\"}}],\"inLanguage\":\"fr-FR\"},{\"@type\":\"Organization\",\"@id\":\"https:\/\/lacaveetlebistrot.com\/#organization\",\"name\":\"La Cave et le Bistrot\",\"alternateName\":\"Cave \u00e0 vin Aubagne\",\"url\":\"https:\/\/lacaveetlebistrot.com\/\",\"logo\":{\"@type\":\"ImageObject\",\"inLanguage\":\"fr-FR\",\"@id\":\"https:\/\/lacaveetlebistrot.com\/#\/schema\/logo\/image\/\",\"url\":\"https:\/\/i0.wp.com\/lacaveetlebistrot.com\/wp-content\/uploads\/2021\/12\/Logo-carre-e1642772598302.png?fit=548%2C572&ssl=1\",\"contentUrl\":\"https:\/\/i0.wp.com\/lacaveetlebistrot.com\/wp-content\/uploads\/2021\/12\/Logo-carre-e1642772598302.png?fit=548%2C572&ssl=1\",\"width\":548,\"height\":572,\"caption\":\"La Cave et le Bistrot\"},\"image\":{\"@id\":\"https:\/\/lacaveetlebistrot.com\/#\/schema\/logo\/image\/\"},\"sameAs\":[\"https:\/\/www.facebook.com\/LaCaveetLeBistrot\"]},{\"@type\":\"Person\",\"@id\":\"https:\/\/lacaveetlebistrot.com\/#\/schema\/person\/ae9d594f71c9aaee402752517006c63c\",\"name\":\"lacavedethierry\",\"image\":{\"@type\":\"ImageObject\",\"inLanguage\":\"fr-FR\",\"@id\":\"https:\/\/lacaveetlebistrot.com\/#\/schema\/person\/image\/\",\"url\":\"https:\/\/secure.gravatar.com\/avatar\/b9ba061fa4bff1690b72a325be2f4336f8aaa5c5aa77fade48bd9dd8bd8be007?s=96&d=mm&r=g\",\"contentUrl\":\"https:\/\/secure.gravatar.com\/avatar\/b9ba061fa4bff1690b72a325be2f4336f8aaa5c5aa77fade48bd9dd8bd8be007?s=96&d=mm&r=g\",\"caption\":\"lacavedethierry\"},\"url\":\"https:\/\/lacaveetlebistrot.com\/index.php\/author\/lacavedethierry\/\"}]}<\/script>\n<!-- \/ Yoast SEO plugin. -->","yoast_head_json":{"title":"Ouverture de la cave \u00e0 vin, cave \u00e0 manger - La Cave et le Bistrot","description":"ouverture de la cave \u00e0 vin, centre ville d'Aubagne. vous y trouverez conseils, vins et spiritueux, \u00e9picerie fine et vous pourrez y d\u00e9jeuner.","robots":{"index":"index","follow":"follow","max-snippet":"max-snippet:-1","max-image-preview":"max-image-preview:large","max-video-preview":"max-video-preview:-1"},"canonical":"https:\/\/lacaveetlebistrot.com\/index.php\/2021\/11\/03\/ouverture-de-la-cave-a-vin-cave-a-manger\/","og_locale":"fr_FR","og_type":"article","og_title":"Ouverture de la cave \u00e0 vin, cave \u00e0 manger - La Cave et le Bistrot","og_description":"ouverture de la cave \u00e0 vin, centre ville d'Aubagne. vous y trouverez conseils, vins et spiritueux, \u00e9picerie fine et vous pourrez y d\u00e9jeuner.","og_url":"https:\/\/lacaveetlebistrot.com\/index.php\/2021\/11\/03\/ouverture-de-la-cave-a-vin-cave-a-manger\/","og_site_name":"La Cave et le Bistrot","article_publisher":"https:\/\/www.facebook.com\/LaCaveetLeBistrot","article_published_time":"2021-11-03T10:56:31+00:00","article_modified_time":"2022-01-25T17:19:50+00:00","og_image":[{"width":2560,"height":1921,"url":"https:\/\/i0.wp.com\/lacaveetlebistrot.com\/wp-content\/uploads\/2021\/11\/20211103_095826-01-scaled.jpeg?fit=2560%2C1921&ssl=1","type":"image\/jpeg"}],"author":"lacavedethierry","twitter_card":"summary_large_image","twitter_misc":{"\u00c9crit par":"lacavedethierry","Dur\u00e9e de lecture estim\u00e9e":"1 minute"},"schema":{"@context":"https:\/\/schema.org","@graph":[{"@type":"Article","@id":"https:\/\/lacaveetlebistrot.com\/index.php\/2021\/11\/03\/ouverture-de-la-cave-a-vin-cave-a-manger\/#article","isPartOf":{"@id":"https:\/\/lacaveetlebistrot.com\/index.php\/2021\/11\/03\/ouverture-de-la-cave-a-vin-cave-a-manger\/"},"author":{"name":"lacavedethierry","@id":"https:\/\/lacaveetlebistrot.com\/#\/schema\/person\/ae9d594f71c9aaee402752517006c63c"},"headline":"Ouverture de la cave \u00e0 vin, cave \u00e0 manger","datePublished":"2021-11-03T10:56:31+00:00","dateModified":"2022-01-25T17:19:50+00:00","mainEntityOfPage":{"@id":"https:\/\/lacaveetlebistrot.com\/index.php\/2021\/11\/03\/ouverture-de-la-cave-a-vin-cave-a-manger\/"},"wordCount":148,"commentCount":0,"publisher":{"@id":"https:\/\/lacaveetlebistrot.com\/#organization"},"image":{"@id":"https:\/\/lacaveetlebistrot.com\/index.php\/2021\/11\/03\/ouverture-de-la-cave-a-vin-cave-a-manger\/#primaryimage"},"thumbnailUrl":"https:\/\/i0.wp.com\/lacaveetlebistrot.com\/wp-content\/uploads\/2021\/11\/20211103_095826-01-scaled.jpeg?fit=2560%2C1921&ssl=1","inLanguage":"fr-FR","potentialAction":[{"@type":"CommentAction","name":"Comment","target":["https:\/\/lacaveetlebistrot.com\/index.php\/2021\/11\/03\/ouverture-de-la-cave-a-vin-cave-a-manger\/#respond"]}]},{"@type":"WebPage","@id":"https:\/\/lacaveetlebistrot.com\/index.php\/2021\/11\/03\/ouverture-de-la-cave-a-vin-cave-a-manger\/","url":"https:\/\/lacaveetlebistrot.com\/index.php\/2021\/11\/03\/ouverture-de-la-cave-a-vin-cave-a-manger\/","name":"Ouverture de la cave \u00e0 vin, cave \u00e0 manger - La Cave et le Bistrot","isPartOf":{"@id":"https:\/\/lacaveetlebistrot.com\/#website"},"primaryImageOfPage":{"@id":"https:\/\/lacaveetlebistrot.com\/index.php\/2021\/11\/03\/ouverture-de-la-cave-a-vin-cave-a-manger\/#primaryimage"},"image":{"@id":"https:\/\/lacaveetlebistrot.com\/index.php\/2021\/11\/03\/ouverture-de-la-cave-a-vin-cave-a-manger\/#primaryimage"},"thumbnailUrl":"https:\/\/i0.wp.com\/lacaveetlebistrot.com\/wp-content\/uploads\/2021\/11\/20211103_095826-01-scaled.jpeg?fit=2560%2C1921&ssl=1","datePublished":"2021-11-03T10:56:31+00:00","dateModified":"2022-01-25T17:19:50+00:00","description":"ouverture de la cave \u00e0 vin, centre ville d'Aubagne. vous y trouverez conseils, vins et spiritueux, \u00e9picerie fine et vous pourrez y d\u00e9jeuner.","breadcrumb":{"@id":"https:\/\/lacaveetlebistrot.com\/index.php\/2021\/11\/03\/ouverture-de-la-cave-a-vin-cave-a-manger\/#breadcrumb"},"inLanguage":"fr-FR","potentialAction":[{"@type":"ReadAction","target":["https:\/\/lacaveetlebistrot.com\/index.php\/2021\/11\/03\/ouverture-de-la-cave-a-vin-cave-a-manger\/"]}]},{"@type":"ImageObject","inLanguage":"fr-FR","@id":"https:\/\/lacaveetlebistrot.com\/index.php\/2021\/11\/03\/ouverture-de-la-cave-a-vin-cave-a-manger\/#primaryimage","url":"https:\/\/i0.wp.com\/lacaveetlebistrot.com\/wp-content\/uploads\/2021\/11\/20211103_095826-01-scaled.jpeg?fit=2560%2C1921&ssl=1","contentUrl":"https:\/\/i0.wp.com\/lacaveetlebistrot.com\/wp-content\/uploads\/2021\/11\/20211103_095826-01-scaled.jpeg?fit=2560%2C1921&ssl=1","width":2560,"height":1921,"caption":"Ouverture de la Cave et le Bistrot"},{"@type":"BreadcrumbList","@id":"https:\/\/lacaveetlebistrot.com\/index.php\/2021\/11\/03\/ouverture-de-la-cave-a-vin-cave-a-manger\/#breadcrumb","itemListElement":[{"@type":"ListItem","position":1,"name":"Accueil","item":"https:\/\/lacaveetlebistrot.com\/"},{"@type":"ListItem","position":2,"name":"Ouverture de la cave \u00e0 vin, cave \u00e0 manger"}]},{"@type":"WebSite","@id":"https:\/\/lacaveetlebistrot.com\/#website","url":"https:\/\/lacaveetlebistrot.com\/","name":"La Cave et le Bistrot","description":"La cave \u00e0 vin du centre ville d&#039;Aubagne","publisher":{"@id":"https:\/\/lacaveetlebistrot.com\/#organization"},"potentialAction":[{"@type":"SearchAction","target":{"@type":"EntryPoint","urlTemplate":"https:\/\/lacaveetlebistrot.com\/?s={search_term_string}"},"query-input":{"@type":"PropertyValueSpecification","valueRequired":true,"valueName":"search_term_string"}}],"inLanguage":"fr-FR"},{"@type":"Organization","@id":"https:\/\/lacaveetlebistrot.com\/#organization","name":"La Cave et le Bistrot","alternateName":"Cave \u00e0 vin Aubagne","url":"https:\/\/lacaveetlebistrot.com\/","logo":{"@type":"ImageObject","inLanguage":"fr-FR","@id":"https:\/\/lacaveetlebistrot.com\/#\/schema\/logo\/image\/","url":"https:\/\/i0.wp.com\/lacaveetlebistrot.com\/wp-content\/uploads\/2021\/12\/Logo-carre-e1642772598302.png?fit=548%2C572&ssl=1","contentUrl":"https:\/\/i0.wp.com\/lacaveetlebistrot.com\/wp-content\/uploads\/2021\/12\/Logo-carre-e1642772598302.png?fit=548%2C572&ssl=1","width":548,"height":572,"caption":"La Cave et le Bistrot"},"image":{"@id":"https:\/\/lacaveetlebistrot.com\/#\/schema\/logo\/image\/"},"sameAs":["https:\/\/www.facebook.com\/LaCaveetLeBistrot"]},{"@type":"Person","@id":"https:\/\/lacaveetlebistrot.com\/#\/schema\/person\/ae9d594f71c9aaee402752517006c63c","name":"lacavedethierry","image":{"@type":"ImageObject","inLanguage":"fr-FR","@id":"https:\/\/lacaveetlebistrot.com\/#\/schema\/person\/image\/","url":"https:\/\/secure.gravatar.com\/avatar\/b9ba061fa4bff1690b72a325be2f4336f8aaa5c5aa77fade48bd9dd8bd8be007?s=96&d=mm&r=g","contentUrl":"https:\/\/secure.gravatar.com\/avatar\/b9ba061fa4bff1690b72a325be2f4336f8aaa5c5aa77fade48bd9dd8bd8be007?s=96&d=mm&r=g","caption":"lacavedethierry"},"url":"https:\/\/lacaveetlebistrot.com\/index.php\/author\/lacavedethierry\/"}]}},"jetpack_featured_media_url":"https:\/\/i0.wp.com\/lacaveetlebistrot.com\/wp-content\/uploads\/2021\/11\/20211103_095826-01-scaled.jpeg?fit=2560%2C1921&ssl=1","jetpack-related-posts":[],"jetpack_sharing_enabled":true,"_links":{"self":[{"href":"https:\/\/lacaveetlebistrot.com\/index.php\/wp-json\/wp\/v2\/posts\/1422","targetHints":{"allow":["GET"]}}],"collection":[{"href":"https:\/\/lacaveetlebistrot.com\/index.php\/wp-json\/wp\/v2\/posts"}],"about":[{"href":"https:\/\/lacaveetlebistrot.com\/index.php\/wp-json\/wp\/v2\/types\/post"}],"author":[{"embeddable":true,"href":"https:\/\/lacaveetlebistrot.com\/index.php\/wp-json\/wp\/v2\/users\/1"}],"replies":[{"embeddable":true,"href":"https:\/\/lacaveetlebistrot.com\/index.php\/wp-json\/wp\/v2\/comments?post=1422"}],"version-history":[{"count":10,"href":"https:\/\/lacaveetlebistrot.com\/index.php\/wp-json\/wp\/v2\/posts\/1422\/revisions"}],"predecessor-version":[{"id":2025,"href":"https:\/\/lacaveetlebistrot.com\/index.php\/wp-json\/wp\/v2\/posts\/1422\/revisions\/2025"}],"wp:featuredmedia":[{"embeddable":true,"href":"https:\/\/lacaveetlebistrot.com\/index.php\/wp-json\/wp\/v2\/media\/1415"}],"wp:attachment":[{"href":"https:\/\/lacaveetlebistrot.com\/index.php\/wp-json\/wp\/v2\/media?parent=1422"}],"wp:term":[{"taxonomy":"category","embeddable":true,"href":"https:\/\/lacaveetlebistrot.com\/index.php\/wp-json\/wp\/v2\/categories?post=1422"},{"taxonomy":"post_tag","embeddable":true,"href":"https:\/\/lacaveetlebistrot.com\/index.php\/wp-json\/wp\/v2\/tags?post=1422"}],"curies":[{"name":"wp","href":"https:\/\/api.w.org\/{rel}","templated":true}]}}